{"id":39039,"date":"2024-11-05T23:22:50","date_gmt":"2024-11-06T02:22:50","guid":{"rendered":"https:\/\/www.elpolitologoyelpolitico.com.ar\/wordpress\/?p=39039"},"modified":"2024-11-05T23:32:31","modified_gmt":"2024-11-06T02:32:31","slug":"las-ratas-no-solo-estan-en-los-barrios-tambien-viven-en-el-centro-de-viedma","status":"publish","type":"post","link":"https:\/\/www.elpolitologoyelpolitico.com.ar\/wordpress\/2024\/11\/05\/las-ratas-no-solo-estan-en-los-barrios-tambien-viven-en-el-centro-de-viedma\/","title":{"rendered":"Las ratas no solo est\u00e1n en los barrios tambien viven en el centro de Viedma"},"content":{"rendered":"\n<p>Son varios los problemas que existen en la Ciudad de Viedma, como son la inseguridad, las calles intransitables, los perros sueltos, los precios de alquileres, la contaminaci\u00f3n y la canasta basica total (una de la mas cara del pa\u00eds), entre otras. <\/p>\n\n\n\n<p>Una vecina del Centro de Viedma est\u00e1 cansada que su gato atrape varias ratas en lo que va del a\u00f1o porque hay un vecino que tiene un supermecado \u00abOriental\u00bb en la calle Alvear (entre Laprida y Roca) que lo \u00fanico que hace es acumular basura en su patio y el municipio no controla nada. <\/p>\n\n\n\n<p>La vecina, le reclamo al Presidente de la Junta Vecinal Matias Fuentes Finochiaro pero no da respuesta, como permitiendo que el vecino acumule basura en el patio de su casa.<\/p>\n\n\n\n<p>Es un grave problema porque la contaminaci\u00f3n trae varias enfermedades, no solo para los humanos sino tambien para los animales y esto puede generar un conflicto entre los vecinos.<\/p>\n\n\n\n<p>La vecina expres\u00f3 <strong>\u00abYa perdi un gato en este barrio por una enfermedad que no se supo que es y no hay que permitir que los patios esten sucios. Adem\u00e1s, prenden fuego y queman varias cosas que no sabemos que es y eso no esta permitido porque puede provocar un accidente grave, porque estamos en zona de urbanizaci\u00f3n\u00bb <\/strong><\/p>\n\n\n\n<p>Agreg\u00f3<strong> \u00abSeria importante que el municipio tenga mas control y pronto venga a inspeccionar porque no puede seguir pasando estas cosas<\/strong>\u00ab. <\/p>\n\n\n\n<p>Son varios los vecinos que est\u00e1n cansado y esperan que pronto se solucione el problema, porque los alquileres que pagan equivalen a mas de la mitad de su sueldo y es una zona cara, lo cual puede provocar mucho malestar social.<\/p>\n<div class=\"fb-background-color\">\n\t\t\t  <div \n\t\t\t  \tclass = \"fb-comments\" \n\t\t\t  \tdata-href = \"https:\/\/www.elpolitologoyelpolitico.com.ar\/wordpress\/2024\/11\/05\/las-ratas-no-solo-estan-en-los-barrios-tambien-viven-en-el-centro-de-viedma\/\"\n\t\t\t  \tdata-numposts = \"10\"\n\t\t\t  \tdata-lazy = \"true\"\n\t\t\t\tdata-colorscheme = \"light\"\n\t\t\t\tdata-order-by = \"social\"\n\t\t\t\tdata-mobile=true>\n\t\t\t  <\/div><\/div>\n\t\t  <style>\n\t\t    .fb-background-color {\n\t\t\t\tbackground: #ffffff !important;\n\t\t\t}\n\t\t\t.fb_iframe_widget_fluid_desktop iframe {\n\t\t\t    width: 100% !important;\n\t\t\t}\n\t\t  <\/style>\n\t\t  ","protected":false},"excerpt":{"rendered":"<p>Son varios los problemas que existen en la Ciudad de Viedma, como son la inseguridad, las calles intransitables, los perros sueltos, los precios de alquileres, la contaminaci\u00f3n y la canasta basica total (una de la mas cara del pa\u00eds), entre otras. Una vecina del Centro de Viedma est\u00e1 cansada que su gato atrape varias ratas [&hellip;]<\/p>\n","protected":false},"author":2,"featured_media":39040,"comment_status":"closed","ping_status":"closed","sticky":false,"template":"","format":"standard","meta":{"_joinchat":[],"footnotes":""},"categories":[39],"tags":[],"class_list":["post-39039","post","type-post","status-publish","format-standard","has-post-thumbnail","hentry","category-en-esta-seccion"],"_links":{"self":[{"href":"https:\/\/www.elpolitologoyelpolitico.com.ar\/wordpress\/wp-json\/wp\/v2\/posts\/39039","targetHints":{"allow":["GET"]}}],"collection":[{"href":"https:\/\/www.elpolitologoyelpolitico.com.ar\/wordpress\/wp-json\/wp\/v2\/posts"}],"about":[{"href":"https:\/\/www.elpolitologoyelpolitico.com.ar\/wordpress\/wp-json\/wp\/v2\/types\/post"}],"author":[{"embeddable":true,"href":"https:\/\/www.elpolitologoyelpolitico.com.ar\/wordpress\/wp-json\/wp\/v2\/users\/2"}],"replies":[{"embeddable":true,"href":"https:\/\/www.elpolitologoyelpolitico.com.ar\/wordpress\/wp-json\/wp\/v2\/comments?post=39039"}],"version-history":[{"count":2,"href":"https:\/\/www.elpolitologoyelpolitico.com.ar\/wordpress\/wp-json\/wp\/v2\/posts\/39039\/revisions"}],"predecessor-version":[{"id":39043,"href":"https:\/\/www.elpolitologoyelpolitico.com.ar\/wordpress\/wp-json\/wp\/v2\/posts\/39039\/revisions\/39043"}],"wp:featuredmedia":[{"embeddable":true,"href":"https:\/\/www.elpolitologoyelpolitico.com.ar\/wordpress\/wp-json\/wp\/v2\/media\/39040"}],"wp:attachment":[{"href":"https:\/\/www.elpolitologoyelpolitico.com.ar\/wordpress\/wp-json\/wp\/v2\/media?parent=39039"}],"wp:term":[{"taxonomy":"category","embeddable":true,"href":"https:\/\/www.elpolitologoyelpolitico.com.ar\/wordpress\/wp-json\/wp\/v2\/categories?post=39039"},{"taxonomy":"post_tag","embeddable":true,"href":"https:\/\/www.elpolitologoyelpolitico.com.ar\/wordpress\/wp-json\/wp\/v2\/tags?post=39039"}],"curies":[{"name":"wp","href":"https:\/\/api.w.org\/{rel}","templated":true}]}}