{"id":39035,"date":"2024-11-04T23:25:58","date_gmt":"2024-11-05T02:25:58","guid":{"rendered":"https:\/\/www.elpolitologoyelpolitico.com.ar\/wordpress\/?p=39035"},"modified":"2024-11-04T23:26:00","modified_gmt":"2024-11-05T02:26:00","slug":"oportunidad-laboral-buscan-enfermera-o-en-la-clinica-viedma","status":"publish","type":"post","link":"https:\/\/www.elpolitologoyelpolitico.com.ar\/wordpress\/2024\/11\/04\/oportunidad-laboral-buscan-enfermera-o-en-la-clinica-viedma\/","title":{"rendered":"Oportunidad laboral: Buscan enfermera\/o en la Cl\u00ednica Viedma"},"content":{"rendered":"\n<p>Buscan enfermera\/o en la Cl\u00ednica Viedma.<\/p>\n\n\n\n<p>REQUISITOS: secundario completo, t\u00edtulo habilitante, matr\u00edcula provincial vigente, experiencia en el puesto (no excluyente), residencia en la zona.<\/p>\n\n\n\n<p>Contrataci\u00f3n en relaci\u00f3n de dependencia, salario seg\u00fan convenio vigente, jornadas rotativas, posibilidad de desarrollo y crecimiento profesional.<\/p>\n\n\n\n<p>Postulaciones \u00fanicamente por mail a: recursoshumanos@clinicaviedma.com.ar<\/p>\n\n\n\n<figure class=\"wp-block-image size-large\"><img fetchpriority=\"high\" decoding=\"async\" width=\"819\" height=\"1024\" src=\"https:\/\/www.elpolitologoyelpolitico.com.ar\/wp-content\/uploads\/2024\/11\/FB_IMG_1730773112089-819x1024.jpg\" alt=\"\" class=\"wp-image-39037\" srcset=\"https:\/\/www.elpolitologoyelpolitico.com.ar\/wp-content\/uploads\/2024\/11\/FB_IMG_1730773112089-819x1024.jpg 819w, https:\/\/www.elpolitologoyelpolitico.com.ar\/wp-content\/uploads\/2024\/11\/FB_IMG_1730773112089-240x300.jpg 240w, https:\/\/www.elpolitologoyelpolitico.com.ar\/wp-content\/uploads\/2024\/11\/FB_IMG_1730773112089-768x960.jpg 768w, https:\/\/www.elpolitologoyelpolitico.com.ar\/wp-content\/uploads\/2024\/11\/FB_IMG_1730773112089.jpg 1080w\" sizes=\"(max-width: 819px) 100vw, 819px\" \/><\/figure>\n<div class=\"fb-background-color\">\n\t\t\t  <div \n\t\t\t  \tclass = \"fb-comments\" \n\t\t\t  \tdata-href = \"https:\/\/www.elpolitologoyelpolitico.com.ar\/wordpress\/2024\/11\/04\/oportunidad-laboral-buscan-enfermera-o-en-la-clinica-viedma\/\"\n\t\t\t  \tdata-numposts = \"10\"\n\t\t\t  \tdata-lazy = \"true\"\n\t\t\t\tdata-colorscheme = \"light\"\n\t\t\t\tdata-order-by = \"social\"\n\t\t\t\tdata-mobile=true>\n\t\t\t  <\/div><\/div>\n\t\t  <style>\n\t\t    .fb-background-color {\n\t\t\t\tbackground: #ffffff !important;\n\t\t\t}\n\t\t\t.fb_iframe_widget_fluid_desktop iframe {\n\t\t\t    width: 100% !important;\n\t\t\t}\n\t\t  <\/style>\n\t\t  ","protected":false},"excerpt":{"rendered":"<p>Buscan enfermera\/o en la Cl\u00ednica Viedma. REQUISITOS: secundario completo, t\u00edtulo habilitante, matr\u00edcula provincial vigente, experiencia en el puesto (no excluyente), residencia en la zona. Contrataci\u00f3n en relaci\u00f3n de dependencia, salario seg\u00fan convenio vigente, jornadas rotativas, posibilidad de desarrollo y crecimiento profesional. Postulaciones \u00fanicamente por mail a: recursoshumanos@clinicaviedma.com.ar<\/p>\n","protected":false},"author":2,"featured_media":39036,"comment_status":"closed","ping_status":"closed","sticky":false,"template":"","format":"standard","meta":{"_joinchat":[],"footnotes":""},"categories":[39],"tags":[],"class_list":["post-39035","post","type-post","status-publish","format-standard","has-post-thumbnail","hentry","category-en-esta-seccion"],"_links":{"self":[{"href":"https:\/\/www.elpolitologoyelpolitico.com.ar\/wordpress\/wp-json\/wp\/v2\/posts\/39035","targetHints":{"allow":["GET"]}}],"collection":[{"href":"https:\/\/www.elpolitologoyelpolitico.com.ar\/wordpress\/wp-json\/wp\/v2\/posts"}],"about":[{"href":"https:\/\/www.elpolitologoyelpolitico.com.ar\/wordpress\/wp-json\/wp\/v2\/types\/post"}],"author":[{"embeddable":true,"href":"https:\/\/www.elpolitologoyelpolitico.com.ar\/wordpress\/wp-json\/wp\/v2\/users\/2"}],"replies":[{"embeddable":true,"href":"https:\/\/www.elpolitologoyelpolitico.com.ar\/wordpress\/wp-json\/wp\/v2\/comments?post=39035"}],"version-history":[{"count":1,"href":"https:\/\/www.elpolitologoyelpolitico.com.ar\/wordpress\/wp-json\/wp\/v2\/posts\/39035\/revisions"}],"predecessor-version":[{"id":39038,"href":"https:\/\/www.elpolitologoyelpolitico.com.ar\/wordpress\/wp-json\/wp\/v2\/posts\/39035\/revisions\/39038"}],"wp:featuredmedia":[{"embeddable":true,"href":"https:\/\/www.elpolitologoyelpolitico.com.ar\/wordpress\/wp-json\/wp\/v2\/media\/39036"}],"wp:attachment":[{"href":"https:\/\/www.elpolitologoyelpolitico.com.ar\/wordpress\/wp-json\/wp\/v2\/media?parent=39035"}],"wp:term":[{"taxonomy":"category","embeddable":true,"href":"https:\/\/www.elpolitologoyelpolitico.com.ar\/wordpress\/wp-json\/wp\/v2\/categories?post=39035"},{"taxonomy":"post_tag","embeddable":true,"href":"https:\/\/www.elpolitologoyelpolitico.com.ar\/wordpress\/wp-json\/wp\/v2\/tags?post=39035"}],"curies":[{"name":"wp","href":"https:\/\/api.w.org\/{rel}","templated":true}]}}