{"id":39010,"date":"2024-11-03T09:40:11","date_gmt":"2024-11-03T12:40:11","guid":{"rendered":"https:\/\/www.elpolitologoyelpolitico.com.ar\/wordpress\/?p=39010"},"modified":"2024-11-03T09:40:12","modified_gmt":"2024-11-03T12:40:12","slug":"atencion-el-puente-ferrocarretero-estara-cerrado-hasta-las-14-horas","status":"publish","type":"post","link":"https:\/\/www.elpolitologoyelpolitico.com.ar\/wordpress\/2024\/11\/03\/atencion-el-puente-ferrocarretero-estara-cerrado-hasta-las-14-horas\/","title":{"rendered":"ATENCI\u00d3N: El puente Ferrocarretero estara cerrado hasta las 14 horas"},"content":{"rendered":"\n<p> <\/p>\n\n\n\n<p>El tr\u00e1nsito en el Puente Ferrocarretero estar\u00e1 interrumpido entre las 10.30 y las 14 horas. <\/p>\n\n\n\n<p>La medida se debe a la Correcaminata Rosa, organizada por Advance Centro de Diagn\u00f3stico por Imagen, que se realizar\u00e1 en el marco del Mes de la Lucha contra el c\u00e1ncer de mama. <\/p>\n\n\n\n<p>Luego del ingreso por el Puente Ferrocarretero, los participantes completar\u00e1n su recorrido en nuestra ciudad -por la costanera- hasta la Escuela de Canotaje, y luego regresar\u00e1n al punto de partida, en la ciudad de Viedma.<\/p>\n<div class=\"fb-background-color\">\n\t\t\t  <div \n\t\t\t  \tclass = \"fb-comments\" \n\t\t\t  \tdata-href = \"https:\/\/www.elpolitologoyelpolitico.com.ar\/wordpress\/2024\/11\/03\/atencion-el-puente-ferrocarretero-estara-cerrado-hasta-las-14-horas\/\"\n\t\t\t  \tdata-numposts = \"10\"\n\t\t\t  \tdata-lazy = \"true\"\n\t\t\t\tdata-colorscheme = \"light\"\n\t\t\t\tdata-order-by = \"social\"\n\t\t\t\tdata-mobile=true>\n\t\t\t  <\/div><\/div>\n\t\t  <style>\n\t\t    .fb-background-color {\n\t\t\t\tbackground: #ffffff !important;\n\t\t\t}\n\t\t\t.fb_iframe_widget_fluid_desktop iframe {\n\t\t\t    width: 100% !important;\n\t\t\t}\n\t\t  <\/style>\n\t\t  ","protected":false},"excerpt":{"rendered":"<p>El tr\u00e1nsito en el Puente Ferrocarretero estar\u00e1 interrumpido entre las 10.30 y las 14 horas. La medida se debe a la Correcaminata Rosa, organizada por Advance Centro de Diagn\u00f3stico por Imagen, que se realizar\u00e1 en el marco del Mes de la Lucha contra el c\u00e1ncer de mama. Luego del ingreso por el Puente Ferrocarretero, los [&hellip;]<\/p>\n","protected":false},"author":2,"featured_media":39011,"comment_status":"closed","ping_status":"closed","sticky":false,"template":"","format":"standard","meta":{"_joinchat":[],"footnotes":""},"categories":[39],"tags":[],"class_list":["post-39010","post","type-post","status-publish","format-standard","has-post-thumbnail","hentry","category-en-esta-seccion"],"_links":{"self":[{"href":"https:\/\/www.elpolitologoyelpolitico.com.ar\/wordpress\/wp-json\/wp\/v2\/posts\/39010","targetHints":{"allow":["GET"]}}],"collection":[{"href":"https:\/\/www.elpolitologoyelpolitico.com.ar\/wordpress\/wp-json\/wp\/v2\/posts"}],"about":[{"href":"https:\/\/www.elpolitologoyelpolitico.com.ar\/wordpress\/wp-json\/wp\/v2\/types\/post"}],"author":[{"embeddable":true,"href":"https:\/\/www.elpolitologoyelpolitico.com.ar\/wordpress\/wp-json\/wp\/v2\/users\/2"}],"replies":[{"embeddable":true,"href":"https:\/\/www.elpolitologoyelpolitico.com.ar\/wordpress\/wp-json\/wp\/v2\/comments?post=39010"}],"version-history":[{"count":1,"href":"https:\/\/www.elpolitologoyelpolitico.com.ar\/wordpress\/wp-json\/wp\/v2\/posts\/39010\/revisions"}],"predecessor-version":[{"id":39012,"href":"https:\/\/www.elpolitologoyelpolitico.com.ar\/wordpress\/wp-json\/wp\/v2\/posts\/39010\/revisions\/39012"}],"wp:featuredmedia":[{"embeddable":true,"href":"https:\/\/www.elpolitologoyelpolitico.com.ar\/wordpress\/wp-json\/wp\/v2\/media\/39011"}],"wp:attachment":[{"href":"https:\/\/www.elpolitologoyelpolitico.com.ar\/wordpress\/wp-json\/wp\/v2\/media?parent=39010"}],"wp:term":[{"taxonomy":"category","embeddable":true,"href":"https:\/\/www.elpolitologoyelpolitico.com.ar\/wordpress\/wp-json\/wp\/v2\/categories?post=39010"},{"taxonomy":"post_tag","embeddable":true,"href":"https:\/\/www.elpolitologoyelpolitico.com.ar\/wordpress\/wp-json\/wp\/v2\/tags?post=39010"}],"curies":[{"name":"wp","href":"https:\/\/api.w.org\/{rel}","templated":true}]}}