{"id":39005,"date":"2024-11-02T21:37:17","date_gmt":"2024-11-03T00:37:17","guid":{"rendered":"https:\/\/www.elpolitologoyelpolitico.com.ar\/wordpress\/?p=39005"},"modified":"2024-11-02T21:40:14","modified_gmt":"2024-11-03T00:40:14","slug":"fallecieron-cuatro-policias-en-un-accidente-iban-a-cubrir-el-partido-entre-brown-de-adrogue-y-at-rafaela","status":"publish","type":"post","link":"https:\/\/www.elpolitologoyelpolitico.com.ar\/wordpress\/2024\/11\/02\/fallecieron-cuatro-policias-en-un-accidente-iban-a-cubrir-el-partido-entre-brown-de-adrogue-y-at-rafaela\/","title":{"rendered":"Fallecieron cuatro policias en un accidente: Iban a cubrir el partido entre Brown de Adrogue y Atl\u00e9tico Rafaela"},"content":{"rendered":"\n<p>Cuatro polic\u00edas bahienses fallecieron en un terrible accidente en cercan\u00edas de Carmen de Areco, a las 7 de la ma\u00f1ana. <\/p>\n\n\n\n<p>La combi que los trasladaba colision\u00f3 con un cami\u00f3n cisterna que transportaba combustible.<\/p>\n\n\n\n<p>El personal policial se dirig\u00eda a hacer un servicio de cancha en el partido de f\u00fatbol entre los equipos Brown de Adrogue versus Atl\u00e9tico Rafaela. <\/p>\n\n\n\n<p>Hay otros 15 efectivos heridos.<\/p>\n\n\n\n<p>Los oficiales que perdieron la vida:Oficial principal Cristian Delgado, Sargento Herman Sanchez, Sargento Alejandro Lopez y Oficial Octavio Bergesi. <\/p>\n<div class=\"fb-background-color\">\n\t\t\t  <div \n\t\t\t  \tclass = \"fb-comments\" \n\t\t\t  \tdata-href = \"https:\/\/www.elpolitologoyelpolitico.com.ar\/wordpress\/2024\/11\/02\/fallecieron-cuatro-policias-en-un-accidente-iban-a-cubrir-el-partido-entre-brown-de-adrogue-y-at-rafaela\/\"\n\t\t\t  \tdata-numposts = \"10\"\n\t\t\t  \tdata-lazy = \"true\"\n\t\t\t\tdata-colorscheme = \"light\"\n\t\t\t\tdata-order-by = \"social\"\n\t\t\t\tdata-mobile=true>\n\t\t\t  <\/div><\/div>\n\t\t  <style>\n\t\t    .fb-background-color {\n\t\t\t\tbackground: #ffffff !important;\n\t\t\t}\n\t\t\t.fb_iframe_widget_fluid_desktop iframe {\n\t\t\t    width: 100% !important;\n\t\t\t}\n\t\t  <\/style>\n\t\t  ","protected":false},"excerpt":{"rendered":"<p>Cuatro polic\u00edas bahienses fallecieron en un terrible accidente en cercan\u00edas de Carmen de Areco, a las 7 de la ma\u00f1ana. La combi que los trasladaba colision\u00f3 con un cami\u00f3n cisterna que transportaba combustible. El personal policial se dirig\u00eda a hacer un servicio de cancha en el partido de f\u00fatbol entre los equipos Brown de Adrogue [&hellip;]<\/p>\n","protected":false},"author":2,"featured_media":39006,"comment_status":"closed","ping_status":"closed","sticky":false,"template":"","format":"standard","meta":{"_joinchat":[],"footnotes":""},"categories":[39],"tags":[],"class_list":["post-39005","post","type-post","status-publish","format-standard","has-post-thumbnail","hentry","category-en-esta-seccion"],"_links":{"self":[{"href":"https:\/\/www.elpolitologoyelpolitico.com.ar\/wordpress\/wp-json\/wp\/v2\/posts\/39005","targetHints":{"allow":["GET"]}}],"collection":[{"href":"https:\/\/www.elpolitologoyelpolitico.com.ar\/wordpress\/wp-json\/wp\/v2\/posts"}],"about":[{"href":"https:\/\/www.elpolitologoyelpolitico.com.ar\/wordpress\/wp-json\/wp\/v2\/types\/post"}],"author":[{"embeddable":true,"href":"https:\/\/www.elpolitologoyelpolitico.com.ar\/wordpress\/wp-json\/wp\/v2\/users\/2"}],"replies":[{"embeddable":true,"href":"https:\/\/www.elpolitologoyelpolitico.com.ar\/wordpress\/wp-json\/wp\/v2\/comments?post=39005"}],"version-history":[{"count":2,"href":"https:\/\/www.elpolitologoyelpolitico.com.ar\/wordpress\/wp-json\/wp\/v2\/posts\/39005\/revisions"}],"predecessor-version":[{"id":39009,"href":"https:\/\/www.elpolitologoyelpolitico.com.ar\/wordpress\/wp-json\/wp\/v2\/posts\/39005\/revisions\/39009"}],"wp:featuredmedia":[{"embeddable":true,"href":"https:\/\/www.elpolitologoyelpolitico.com.ar\/wordpress\/wp-json\/wp\/v2\/media\/39006"}],"wp:attachment":[{"href":"https:\/\/www.elpolitologoyelpolitico.com.ar\/wordpress\/wp-json\/wp\/v2\/media?parent=39005"}],"wp:term":[{"taxonomy":"category","embeddable":true,"href":"https:\/\/www.elpolitologoyelpolitico.com.ar\/wordpress\/wp-json\/wp\/v2\/categories?post=39005"},{"taxonomy":"post_tag","embeddable":true,"href":"https:\/\/www.elpolitologoyelpolitico.com.ar\/wordpress\/wp-json\/wp\/v2\/tags?post=39005"}],"curies":[{"name":"wp","href":"https:\/\/api.w.org\/{rel}","templated":true}]}}