{"id":38983,"date":"2024-10-30T21:25:12","date_gmt":"2024-10-31T00:25:12","guid":{"rendered":"https:\/\/www.elpolitologoyelpolitico.com.ar\/wordpress\/?p=38983"},"modified":"2024-10-30T21:31:19","modified_gmt":"2024-10-31T00:31:19","slug":"desde-que-se-conformo-la-comision-mixta-de-la-feria-sigue-activa-las-acciones-para-mejorar-su-funcionamiento","status":"publish","type":"post","link":"https:\/\/www.elpolitologoyelpolitico.com.ar\/wordpress\/2024\/10\/30\/desde-que-se-conformo-la-comision-mixta-de-la-feria-sigue-activa-las-acciones-para-mejorar-su-funcionamiento\/","title":{"rendered":"Desde que se conform\u00f3 la Comisi\u00f3n Mixta Asesora de la Feria siguen las acciones para mejorar su Funcionamiento"},"content":{"rendered":"\n<p>Este a\u00f1o se conform\u00f3 la Comisi\u00f3n Mixta Asesora de la Feria Municipal en el Concejo Deliberante de Viedma, encabezada por la Concejal Libertaria Ivi Silvina Franco, el Subsecretario de Protecci\u00f3n Ciudadana Norberto Dominguez, los representantes de la Feria Municipal Martin Mor\u00f3n y Jose Avilo Soto y el representante de los consumidores Ingeniero  en alimentos Sebastian Basterra.<\/p>\n\n\n\n<p>Fueron varias las reuniones que tuvieron en este a\u00f1o y las demandas de los feriantes para ir mejorando su funcionamiento. <\/p>\n\n\n\n<p>En la \u00faltima reuni\u00f3n de la Comisi\u00f3n Mixta Asesora, los representantes de la Feria Municipal se enteraron sobre el presupuesto 2025 y que podian solicitar algunas demandas a la municipalidad para mejorar el funcionamiento de la Feria. <\/p>\n\n\n\n<p>De esta manera, el subsecretario de Servicios P\u00fablicos Juan Casadei, junto al subsecretario de Protecci\u00f3n Ciudadana Norberto Dom\u00ednguez y los referentes de la Comisi\u00f3n de la Feria Municipal se reunieron y recorrieron el predio para organizar en conjunto las acciones que se llevar\u00e1n a cabo.<\/p>\n\n\n\n<p>Cabe destacar que en lo que va del a\u00f1o se han realizado varias mejoras en el predio, como la colocaci\u00f3n de m\u00e1s rampas de accesibilidad, carteler\u00eda, mayor capacidad de acceso a la energ\u00eda el\u00e9ctrica, la obra del recambio del servicio de energ\u00eda monof\u00e1sica a un pilar y disposici\u00f3n de estructura de energ\u00eda trif\u00e1sica, entre otras.<\/p>\n\n\n\n<p>Adem\u00e1s, se pintar\u00e1n todas las estructuras de la naves para mantener en buenas condiciones las instalaciones de la feria.<\/p>\n\n\n\n<figure class=\"wp-block-image size-large\"><img fetchpriority=\"high\" decoding=\"async\" width=\"1024\" height=\"686\" src=\"https:\/\/www.elpolitologoyelpolitico.com.ar\/wp-content\/uploads\/2024\/10\/IMG-20241021-WA00251-1024x686.jpg\" alt=\"\" class=\"wp-image-38985\" srcset=\"https:\/\/www.elpolitologoyelpolitico.com.ar\/wp-content\/uploads\/2024\/10\/IMG-20241021-WA00251-1024x686.jpg 1024w, https:\/\/www.elpolitologoyelpolitico.com.ar\/wp-content\/uploads\/2024\/10\/IMG-20241021-WA00251-300x201.jpg 300w, https:\/\/www.elpolitologoyelpolitico.com.ar\/wp-content\/uploads\/2024\/10\/IMG-20241021-WA00251-768x515.jpg 768w, https:\/\/www.elpolitologoyelpolitico.com.ar\/wp-content\/uploads\/2024\/10\/IMG-20241021-WA00251-1536x1029.jpg 1536w, https:\/\/www.elpolitologoyelpolitico.com.ar\/wp-content\/uploads\/2024\/10\/IMG-20241021-WA00251.jpg 1600w\" sizes=\"(max-width: 1024px) 100vw, 1024px\" \/><\/figure>\n\n\n\n<p><\/p>\n<div class=\"fb-background-color\">\n\t\t\t  <div \n\t\t\t  \tclass = \"fb-comments\" \n\t\t\t  \tdata-href = \"https:\/\/www.elpolitologoyelpolitico.com.ar\/wordpress\/2024\/10\/30\/desde-que-se-conformo-la-comision-mixta-de-la-feria-sigue-activa-las-acciones-para-mejorar-su-funcionamiento\/\"\n\t\t\t  \tdata-numposts = \"10\"\n\t\t\t  \tdata-lazy = \"true\"\n\t\t\t\tdata-colorscheme = \"light\"\n\t\t\t\tdata-order-by = \"social\"\n\t\t\t\tdata-mobile=true>\n\t\t\t  <\/div><\/div>\n\t\t  <style>\n\t\t    .fb-background-color {\n\t\t\t\tbackground: #ffffff !important;\n\t\t\t}\n\t\t\t.fb_iframe_widget_fluid_desktop iframe {\n\t\t\t    width: 100% !important;\n\t\t\t}\n\t\t  <\/style>\n\t\t  ","protected":false},"excerpt":{"rendered":"<p>Este a\u00f1o se conform\u00f3 la Comisi\u00f3n Mixta Asesora de la Feria Municipal en el Concejo Deliberante de Viedma, encabezada por la Concejal Libertaria Ivi Silvina Franco, el Subsecretario de Protecci\u00f3n Ciudadana Norberto Dominguez, los representantes de la Feria Municipal Martin Mor\u00f3n y Jose Avilo Soto y el representante de los consumidores Ingeniero en alimentos Sebastian [&hellip;]<\/p>\n","protected":false},"author":2,"featured_media":38989,"comment_status":"closed","ping_status":"closed","sticky":false,"template":"","format":"standard","meta":{"_joinchat":[],"footnotes":""},"categories":[4],"tags":[],"class_list":["post-38983","post","type-post","status-publish","format-standard","has-post-thumbnail","hentry","category-politicas-publicas"],"_links":{"self":[{"href":"https:\/\/www.elpolitologoyelpolitico.com.ar\/wordpress\/wp-json\/wp\/v2\/posts\/38983","targetHints":{"allow":["GET"]}}],"collection":[{"href":"https:\/\/www.elpolitologoyelpolitico.com.ar\/wordpress\/wp-json\/wp\/v2\/posts"}],"about":[{"href":"https:\/\/www.elpolitologoyelpolitico.com.ar\/wordpress\/wp-json\/wp\/v2\/types\/post"}],"author":[{"embeddable":true,"href":"https:\/\/www.elpolitologoyelpolitico.com.ar\/wordpress\/wp-json\/wp\/v2\/users\/2"}],"replies":[{"embeddable":true,"href":"https:\/\/www.elpolitologoyelpolitico.com.ar\/wordpress\/wp-json\/wp\/v2\/comments?post=38983"}],"version-history":[{"count":2,"href":"https:\/\/www.elpolitologoyelpolitico.com.ar\/wordpress\/wp-json\/wp\/v2\/posts\/38983\/revisions"}],"predecessor-version":[{"id":38988,"href":"https:\/\/www.elpolitologoyelpolitico.com.ar\/wordpress\/wp-json\/wp\/v2\/posts\/38983\/revisions\/38988"}],"wp:featuredmedia":[{"embeddable":true,"href":"https:\/\/www.elpolitologoyelpolitico.com.ar\/wordpress\/wp-json\/wp\/v2\/media\/38989"}],"wp:attachment":[{"href":"https:\/\/www.elpolitologoyelpolitico.com.ar\/wordpress\/wp-json\/wp\/v2\/media?parent=38983"}],"wp:term":[{"taxonomy":"category","embeddable":true,"href":"https:\/\/www.elpolitologoyelpolitico.com.ar\/wordpress\/wp-json\/wp\/v2\/categories?post=38983"},{"taxonomy":"post_tag","embeddable":true,"href":"https:\/\/www.elpolitologoyelpolitico.com.ar\/wordpress\/wp-json\/wp\/v2\/tags?post=38983"}],"curies":[{"name":"wp","href":"https:\/\/api.w.org\/{rel}","templated":true}]}}