{"id":38978,"date":"2024-10-29T21:39:13","date_gmt":"2024-10-30T00:39:13","guid":{"rendered":"https:\/\/www.elpolitologoyelpolitico.com.ar\/wordpress\/?p=38978"},"modified":"2024-10-29T22:07:22","modified_gmt":"2024-10-30T01:07:22","slug":"el-gobierno-provincial-firmo-un-acuerdo-con-soldados-continentales","status":"publish","type":"post","link":"https:\/\/www.elpolitologoyelpolitico.com.ar\/wordpress\/2024\/10\/29\/el-gobierno-provincial-firmo-un-acuerdo-con-soldados-continentales\/","title":{"rendered":"Los Soldados Continentales son reconocidos en R\u00edo Negro y levantaron la carpa en la Plaza San Mart\u00edn"},"content":{"rendered":"\n<p>El Gobierno de R\u00edo Negro firm\u00f3 un acuerdo con asociaciones que agrupan a las y los soldados continentales de Malvinas, que incluye una serie de reconocimientos y pone fin a una larga espera del sector. De esta forma, se cumple una de los compromisos asumidos por el Gobernador Alberto Weretilneck al momento de su asunci\u00f3n.<\/p>\n\n\n\n<p>El acuerdo establece tres medidas centrales: se formaliza el reconocimiento a trav\u00e9s de un Decreto y se otorgar\u00e1 una medalla en reconocimiento a su servicio, y adem\u00e1s un grupo de 30 soldados continentales ser\u00e1 admitido como adherentes a IPROSS.<\/p>\n\n\n\n<p>Luego de la firma, el Secretario General de la Gobernaci\u00f3n, Nelson Cides, asegur\u00f3 que este convenio \u201cse enmarca en lo que consideramos justo y necesario\u201d y asegur\u00f3 que era \u201cfundamental atender la situaci\u00f3n de quienes han estado reclamando con respeto y en paz\u201d.<\/p>\n\n\n\n<p>Esta firma representa un importante logro para el sector. R\u00edo Negro pasa a ser la quinta provincia en tomar una determinaci\u00f3n de este car\u00e1cter.<\/p>\n\n\n\n<p><\/p>\n<div class=\"fb-background-color\">\n\t\t\t  <div \n\t\t\t  \tclass = \"fb-comments\" \n\t\t\t  \tdata-href = \"https:\/\/www.elpolitologoyelpolitico.com.ar\/wordpress\/2024\/10\/29\/el-gobierno-provincial-firmo-un-acuerdo-con-soldados-continentales\/\"\n\t\t\t  \tdata-numposts = \"10\"\n\t\t\t  \tdata-lazy = \"true\"\n\t\t\t\tdata-colorscheme = \"light\"\n\t\t\t\tdata-order-by = \"social\"\n\t\t\t\tdata-mobile=true>\n\t\t\t  <\/div><\/div>\n\t\t  <style>\n\t\t    .fb-background-color {\n\t\t\t\tbackground: #ffffff !important;\n\t\t\t}\n\t\t\t.fb_iframe_widget_fluid_desktop iframe {\n\t\t\t    width: 100% !important;\n\t\t\t}\n\t\t  <\/style>\n\t\t  ","protected":false},"excerpt":{"rendered":"<p>El Gobierno de R\u00edo Negro firm\u00f3 un acuerdo con asociaciones que agrupan a las y los soldados continentales de Malvinas, que incluye una serie de reconocimientos y pone fin a una larga espera del sector. De esta forma, se cumple una de los compromisos asumidos por el Gobernador Alberto Weretilneck al momento de su asunci\u00f3n. [&hellip;]<\/p>\n","protected":false},"author":2,"featured_media":38979,"comment_status":"closed","ping_status":"closed","sticky":false,"template":"","format":"standard","meta":{"_joinchat":[],"footnotes":""},"categories":[4],"tags":[],"class_list":["post-38978","post","type-post","status-publish","format-standard","has-post-thumbnail","hentry","category-politicas-publicas"],"_links":{"self":[{"href":"https:\/\/www.elpolitologoyelpolitico.com.ar\/wordpress\/wp-json\/wp\/v2\/posts\/38978","targetHints":{"allow":["GET"]}}],"collection":[{"href":"https:\/\/www.elpolitologoyelpolitico.com.ar\/wordpress\/wp-json\/wp\/v2\/posts"}],"about":[{"href":"https:\/\/www.elpolitologoyelpolitico.com.ar\/wordpress\/wp-json\/wp\/v2\/types\/post"}],"author":[{"embeddable":true,"href":"https:\/\/www.elpolitologoyelpolitico.com.ar\/wordpress\/wp-json\/wp\/v2\/users\/2"}],"replies":[{"embeddable":true,"href":"https:\/\/www.elpolitologoyelpolitico.com.ar\/wordpress\/wp-json\/wp\/v2\/comments?post=38978"}],"version-history":[{"count":2,"href":"https:\/\/www.elpolitologoyelpolitico.com.ar\/wordpress\/wp-json\/wp\/v2\/posts\/38978\/revisions"}],"predecessor-version":[{"id":38982,"href":"https:\/\/www.elpolitologoyelpolitico.com.ar\/wordpress\/wp-json\/wp\/v2\/posts\/38978\/revisions\/38982"}],"wp:featuredmedia":[{"embeddable":true,"href":"https:\/\/www.elpolitologoyelpolitico.com.ar\/wordpress\/wp-json\/wp\/v2\/media\/38979"}],"wp:attachment":[{"href":"https:\/\/www.elpolitologoyelpolitico.com.ar\/wordpress\/wp-json\/wp\/v2\/media?parent=38978"}],"wp:term":[{"taxonomy":"category","embeddable":true,"href":"https:\/\/www.elpolitologoyelpolitico.com.ar\/wordpress\/wp-json\/wp\/v2\/categories?post=38978"},{"taxonomy":"post_tag","embeddable":true,"href":"https:\/\/www.elpolitologoyelpolitico.com.ar\/wordpress\/wp-json\/wp\/v2\/tags?post=38978"}],"curies":[{"name":"wp","href":"https:\/\/api.w.org\/{rel}","templated":true}]}}