{"id":38417,"date":"2024-07-31T00:02:19","date_gmt":"2024-07-31T03:02:19","guid":{"rendered":"https:\/\/www.elpolitologoyelpolitico.com.ar\/wordpress\/?p=38417"},"modified":"2024-07-31T00:02:21","modified_gmt":"2024-07-31T03:02:21","slug":"controles-de-transito-y-de-transporte-de-alimentos-durante-el-fin-de-semana","status":"publish","type":"post","link":"https:\/\/www.elpolitologoyelpolitico.com.ar\/wordpress\/2024\/07\/31\/controles-de-transito-y-de-transporte-de-alimentos-durante-el-fin-de-semana\/","title":{"rendered":"Controles de tr\u00e1nsito y de transporte de alimentos durante el fin de semana"},"content":{"rendered":"\n<p>Durante el pasado fin de semana la Municipalidad de Viedma llev\u00f3 a cabo una serie de operativos destinados al control de tr\u00e1nsito y transporte de alimentos.<\/p>\n\n\n\n<p>La Agencia Local de Seguridad Vial, en coordinaci\u00f3n con la Polic\u00eda de R\u00edo Negro, trabajaron en los operativos de tr\u00e1nsito que resultaron en el secuestro de doce veh\u00edculos, de los cuales seis fueron retenidos por alcoholemia y los restantes seis por falta de documentaci\u00f3n.<\/p>\n\n\n\n<p>El objetivo principal de estos operativos es mantener un control vehicular efectivo para garantizar la seguridad de los vecinos y vecinas que transitan por las calles de Viedma.<\/p>\n\n\n\n<p>El Director Ejecutivo de la Agencia Local de Seguridad Vial Jorge Vilca, destac\u00f3 la importancia del trabajo mancomunado con el personal policial para la articulaci\u00f3n de los diferentes operativos.<\/p>\n\n\n\n<p><\/p>\n\n\n\n<p><strong>Alimentos<\/strong><\/p>\n\n\n\n<p>Adem\u00e1s, coordinados por la subsecretar\u00eda de Protecci\u00f3n Ciudadana, se llevaron a cabo operativos de control en el transporte de sustancias alimenticias, con el prop\u00f3sito de verificar la documentaci\u00f3n necesaria para que dichos veh\u00edculos puedan circular de manera adecuada.<\/p>\n\n\n\n<p>Estos controles incluyeron la revisi\u00f3n de los carnets habilitantes de transporte y los de Manipulaci\u00f3n Segura de Alimentos.<\/p>\n\n\n\n<p>El titular del \u00e1rea Norberto Dom\u00ednguez afirm\u00f3 que \u00abse realiza un exhaustivo control sobre el transporte de la mercader\u00eda, respetando las normas de seguridad e higiene que rigen mediante ordenanza municipal y que se encuentran enmarcadas en las leyes nacionales vigentes\u00bb.<\/p>\n\n\n\n<figure class=\"wp-block-image size-large\"><img fetchpriority=\"high\" decoding=\"async\" width=\"1024\" height=\"771\" src=\"https:\/\/www.elpolitologoyelpolitico.com.ar\/wp-content\/uploads\/2024\/07\/FB_IMG_1722394855649-1024x771.jpg\" alt=\"\" class=\"wp-image-38419\" srcset=\"https:\/\/www.elpolitologoyelpolitico.com.ar\/wp-content\/uploads\/2024\/07\/FB_IMG_1722394855649-1024x771.jpg 1024w, https:\/\/www.elpolitologoyelpolitico.com.ar\/wp-content\/uploads\/2024\/07\/FB_IMG_1722394855649-300x226.jpg 300w, https:\/\/www.elpolitologoyelpolitico.com.ar\/wp-content\/uploads\/2024\/07\/FB_IMG_1722394855649-768x578.jpg 768w, https:\/\/www.elpolitologoyelpolitico.com.ar\/wp-content\/uploads\/2024\/07\/FB_IMG_1722394855649.jpg 1080w\" sizes=\"(max-width: 1024px) 100vw, 1024px\" \/><\/figure>\n<div class=\"fb-background-color\">\n\t\t\t  <div \n\t\t\t  \tclass = \"fb-comments\" \n\t\t\t  \tdata-href = \"https:\/\/www.elpolitologoyelpolitico.com.ar\/wordpress\/2024\/07\/31\/controles-de-transito-y-de-transporte-de-alimentos-durante-el-fin-de-semana\/\"\n\t\t\t  \tdata-numposts = \"10\"\n\t\t\t  \tdata-lazy = \"true\"\n\t\t\t\tdata-colorscheme = \"light\"\n\t\t\t\tdata-order-by = \"social\"\n\t\t\t\tdata-mobile=true>\n\t\t\t  <\/div><\/div>\n\t\t  <style>\n\t\t    .fb-background-color {\n\t\t\t\tbackground: #ffffff !important;\n\t\t\t}\n\t\t\t.fb_iframe_widget_fluid_desktop iframe {\n\t\t\t    width: 100% !important;\n\t\t\t}\n\t\t  <\/style>\n\t\t  ","protected":false},"excerpt":{"rendered":"<p>Durante el pasado fin de semana la Municipalidad de Viedma llev\u00f3 a cabo una serie de operativos destinados al control de tr\u00e1nsito y transporte de alimentos. La Agencia Local de Seguridad Vial, en coordinaci\u00f3n con la Polic\u00eda de R\u00edo Negro, trabajaron en los operativos de tr\u00e1nsito que resultaron en el secuestro de doce veh\u00edculos, de [&hellip;]<\/p>\n","protected":false},"author":2,"featured_media":38418,"comment_status":"closed","ping_status":"closed","sticky":false,"template":"","format":"standard","meta":{"_joinchat":[],"footnotes":""},"categories":[39],"tags":[],"class_list":["post-38417","post","type-post","status-publish","format-standard","has-post-thumbnail","hentry","category-en-esta-seccion"],"_links":{"self":[{"href":"https:\/\/www.elpolitologoyelpolitico.com.ar\/wordpress\/wp-json\/wp\/v2\/posts\/38417","targetHints":{"allow":["GET"]}}],"collection":[{"href":"https:\/\/www.elpolitologoyelpolitico.com.ar\/wordpress\/wp-json\/wp\/v2\/posts"}],"about":[{"href":"https:\/\/www.elpolitologoyelpolitico.com.ar\/wordpress\/wp-json\/wp\/v2\/types\/post"}],"author":[{"embeddable":true,"href":"https:\/\/www.elpolitologoyelpolitico.com.ar\/wordpress\/wp-json\/wp\/v2\/users\/2"}],"replies":[{"embeddable":true,"href":"https:\/\/www.elpolitologoyelpolitico.com.ar\/wordpress\/wp-json\/wp\/v2\/comments?post=38417"}],"version-history":[{"count":1,"href":"https:\/\/www.elpolitologoyelpolitico.com.ar\/wordpress\/wp-json\/wp\/v2\/posts\/38417\/revisions"}],"predecessor-version":[{"id":38420,"href":"https:\/\/www.elpolitologoyelpolitico.com.ar\/wordpress\/wp-json\/wp\/v2\/posts\/38417\/revisions\/38420"}],"wp:featuredmedia":[{"embeddable":true,"href":"https:\/\/www.elpolitologoyelpolitico.com.ar\/wordpress\/wp-json\/wp\/v2\/media\/38418"}],"wp:attachment":[{"href":"https:\/\/www.elpolitologoyelpolitico.com.ar\/wordpress\/wp-json\/wp\/v2\/media?parent=38417"}],"wp:term":[{"taxonomy":"category","embeddable":true,"href":"https:\/\/www.elpolitologoyelpolitico.com.ar\/wordpress\/wp-json\/wp\/v2\/categories?post=38417"},{"taxonomy":"post_tag","embeddable":true,"href":"https:\/\/www.elpolitologoyelpolitico.com.ar\/wordpress\/wp-json\/wp\/v2\/tags?post=38417"}],"curies":[{"name":"wp","href":"https:\/\/api.w.org\/{rel}","templated":true}]}}