{"id":38338,"date":"2024-07-16T18:59:44","date_gmt":"2024-07-16T21:59:44","guid":{"rendered":"https:\/\/www.elpolitologoyelpolitico.com.ar\/wordpress\/?p=38338"},"modified":"2024-07-16T18:59:46","modified_gmt":"2024-07-16T21:59:46","slug":"patricia-bullrich-nosotros-tomamos-una-decision-que-fue-apoyar-a-javier-milei","status":"publish","type":"post","link":"https:\/\/www.elpolitologoyelpolitico.com.ar\/wordpress\/2024\/07\/16\/patricia-bullrich-nosotros-tomamos-una-decision-que-fue-apoyar-a-javier-milei\/","title":{"rendered":"Patricia Bullrich \u00abNosotros tomamos una decisi\u00f3n que fue apoyar a Javier Milei\u00bb"},"content":{"rendered":"\n<p>Este martes se sum\u00f3 un nuevo cap\u00edtulo al distanciamiento que atraviesan la ministra de Seguridad, Patricia Bullrich, y el expresidente Mauricio Macri. Es que la funcionaria nacional, asegur\u00f3 que La Libertad Avanza (LLA) ya absorbi\u00f3 al PRO y que trabajar\u00e1 para el Gobierno en la campa\u00f1a de 2025.<\/p>\n\n\n\n<p>Bullrich enfatiz\u00f3 que el PRO no puede mostrarse como oposici\u00f3n al Gobierno nacional, demostrando una idea contraria a la manifestada desde el sector macrista. <strong>\u201cNosotros tomamos una decisi\u00f3n y yo como perteneciente a Pro tom\u00e9 una decisi\u00f3n, como candidata a presidenta de Pro, que fue apoyar a Javier Milei, comprometernos con un gobierno de cambio en contra de lo que pod\u00eda ser la continuidad del peronismo, del populismo o de Massa. Eso es lo que importa\u201d<\/strong>, destac\u00f3.<\/p>\n\n\n\n<p>En referencia a su relaci\u00f3n con Mauricio Macri, la ministra afirm\u00f3: <strong>\u201cNo tengo ni mejor ni peor relaci\u00f3n de la que ten\u00eda antes; lo que no me gusta es que haya un intento de decir \u2018estamos en la oposici\u00f3n\u2019. No. Nosotros nos comprometimos con 6,2 millones de votantes, les dijimos: \u2018Acompa\u00f1en a Javier\u2019. Y ahora no lo podemos dejar en la mitad del r\u00edo. Esa es mi convicci\u00f3n. Ese es quiz\u00e1s el debate que estamos dando\u201d.<\/strong><\/p>\n\n\n\n<p>Por otra parte, la funcionaria defendi\u00f3 su compromiso con el proyecto de Javier Milei, afirmando que la Argentina necesita un enfoque radical y que Milei est\u00e1 dispuesto a llevarlo a cabo. \u201c<strong>Fue un gran debate en la Argentina que yo lo llev\u00e9 en la campa\u00f1a. Shock.<\/strong>\u00a0La Argentina necesita un shock y con Javier lo estamos haciendo\u201d, afirm\u00f3.<\/p>\n<div class=\"fb-background-color\">\n\t\t\t  <div \n\t\t\t  \tclass = \"fb-comments\" \n\t\t\t  \tdata-href = \"https:\/\/www.elpolitologoyelpolitico.com.ar\/wordpress\/2024\/07\/16\/patricia-bullrich-nosotros-tomamos-una-decision-que-fue-apoyar-a-javier-milei\/\"\n\t\t\t  \tdata-numposts = \"10\"\n\t\t\t  \tdata-lazy = \"true\"\n\t\t\t\tdata-colorscheme = \"light\"\n\t\t\t\tdata-order-by = \"social\"\n\t\t\t\tdata-mobile=true>\n\t\t\t  <\/div><\/div>\n\t\t  <style>\n\t\t    .fb-background-color {\n\t\t\t\tbackground: #ffffff !important;\n\t\t\t}\n\t\t\t.fb_iframe_widget_fluid_desktop iframe {\n\t\t\t    width: 100% !important;\n\t\t\t}\n\t\t  <\/style>\n\t\t  ","protected":false},"excerpt":{"rendered":"<p>Este martes se sum\u00f3 un nuevo cap\u00edtulo al distanciamiento que atraviesan la ministra de Seguridad, Patricia Bullrich, y el expresidente Mauricio Macri. Es que la funcionaria nacional, asegur\u00f3 que La Libertad Avanza (LLA) ya absorbi\u00f3 al PRO y que trabajar\u00e1 para el Gobierno en la campa\u00f1a de 2025. Bullrich enfatiz\u00f3 que el PRO no puede [&hellip;]<\/p>\n","protected":false},"author":2,"featured_media":38340,"comment_status":"closed","ping_status":"closed","sticky":false,"template":"","format":"standard","meta":{"_joinchat":[],"footnotes":""},"categories":[5],"tags":[],"class_list":["post-38338","post","type-post","status-publish","format-standard","has-post-thumbnail","hentry","category-partidos-politicos"],"_links":{"self":[{"href":"https:\/\/www.elpolitologoyelpolitico.com.ar\/wordpress\/wp-json\/wp\/v2\/posts\/38338","targetHints":{"allow":["GET"]}}],"collection":[{"href":"https:\/\/www.elpolitologoyelpolitico.com.ar\/wordpress\/wp-json\/wp\/v2\/posts"}],"about":[{"href":"https:\/\/www.elpolitologoyelpolitico.com.ar\/wordpress\/wp-json\/wp\/v2\/types\/post"}],"author":[{"embeddable":true,"href":"https:\/\/www.elpolitologoyelpolitico.com.ar\/wordpress\/wp-json\/wp\/v2\/users\/2"}],"replies":[{"embeddable":true,"href":"https:\/\/www.elpolitologoyelpolitico.com.ar\/wordpress\/wp-json\/wp\/v2\/comments?post=38338"}],"version-history":[{"count":1,"href":"https:\/\/www.elpolitologoyelpolitico.com.ar\/wordpress\/wp-json\/wp\/v2\/posts\/38338\/revisions"}],"predecessor-version":[{"id":38341,"href":"https:\/\/www.elpolitologoyelpolitico.com.ar\/wordpress\/wp-json\/wp\/v2\/posts\/38338\/revisions\/38341"}],"wp:featuredmedia":[{"embeddable":true,"href":"https:\/\/www.elpolitologoyelpolitico.com.ar\/wordpress\/wp-json\/wp\/v2\/media\/38340"}],"wp:attachment":[{"href":"https:\/\/www.elpolitologoyelpolitico.com.ar\/wordpress\/wp-json\/wp\/v2\/media?parent=38338"}],"wp:term":[{"taxonomy":"category","embeddable":true,"href":"https:\/\/www.elpolitologoyelpolitico.com.ar\/wordpress\/wp-json\/wp\/v2\/categories?post=38338"},{"taxonomy":"post_tag","embeddable":true,"href":"https:\/\/www.elpolitologoyelpolitico.com.ar\/wordpress\/wp-json\/wp\/v2\/tags?post=38338"}],"curies":[{"name":"wp","href":"https:\/\/api.w.org\/{rel}","templated":true}]}}