{"id":37603,"date":"2024-03-02T21:28:20","date_gmt":"2024-03-03T00:28:20","guid":{"rendered":"https:\/\/www.elpolitologoyelpolitico.com.ar\/wordpress\/?p=37603"},"modified":"2024-03-02T21:28:21","modified_gmt":"2024-03-03T00:28:21","slug":"importante-convocatoria-en-la-regata-del-7-de-marzo","status":"publish","type":"post","link":"https:\/\/www.elpolitologoyelpolitico.com.ar\/wordpress\/2024\/03\/02\/importante-convocatoria-en-la-regata-del-7-de-marzo\/","title":{"rendered":"Importante convocatoria en la Regata del 7 de Marzo"},"content":{"rendered":"\n<p>En representaci\u00f3n del Intendente, Ricardo Marino, el Secretario de Producci\u00f3n, Desarrollo Comunitario y Econ\u00f3mico, Ra\u00fal Rosemberg, particip\u00f3 de la Regata del 7 de Marzo, este s\u00e1bado por la ma\u00f1ana.<\/p>\n\n\n\n<p>Como es habitual, el punto de encuentro fue la sede de la Escuela Municipal de Canotaje, en el balneario El Malec\u00f3n.<\/p>\n\n\n\n<p>Rosemberg concurri\u00f3 acompa\u00f1ado por integrantes del equipo de la secretar\u00eda a su cargo y adem\u00e1s un grupo de adolescentes de la Casa de Abrigo.<\/p>\n\n\n\n<p>Minutos despu\u00e9s de la largada de la Regata, el titular de Producci\u00f3n, Desarrollo Comunitario y Econ\u00f3mico expres\u00f3: \u00abEstoy muy contento, es la primera visita que hago a la Escuela Municipal de Canotaje, nada menos que con una Regata importante en cuanto a la cantidad de inscriptos. Habitualmente eran unos 80 y en esta oportunidad son m\u00e1s de 120\u00bb.<\/p>\n\n\n\n<p>Del mismo modo, se\u00f1al\u00f3 que \u00abhe participado de la reuni\u00f3n de delegados, ver como se va armando la Regata, la entrega de n\u00fameros y dem\u00e1s y la largada. Estoy muy feliz de compartir esta actividad de la Direcci\u00f3n de Deportes\u00bb.<\/p>\n\n\n\n<p>\u00abTodas las actividades que organiza la Secretar\u00eda son compartidas por las \u00e1reas tenemos y est\u00e1n todos invitados. Hoy contamos tambi\u00e9n con la grata visita de los chicos de la Casa de Abrigo, lo cual nos pone muy contentos porque ellos tambi\u00e9n disfrutan\u00bb, agreg\u00f3.<\/p>\n\n\n\n<p>Adem\u00e1s, Rosemberg valor\u00f3 la participaci\u00f3n de las familias que se convocaron para compartir de la competencia y del marco natural que ofrece el balneario.<\/p>\n\n\n\n<p>\u00abEn los distintos eventos que hemos hecho siempre hay una cantidad muy importante de familias, mate, reposeras, y eso nos complace porque para ellos est\u00e1n destinados estos eventos que organizamos y es un lineamiento, no solo del Intendente, Ricardo Marino, sino que adem\u00e1s lo compartimos porque estamos convencidos y entendemos que si hay m\u00e1s chicos practicando alguna disciplina deportiva, hay menos en la calle y eso para nosotros es muy importante\u00bb, enfatiz\u00f3 Rosemberg.<\/p>\n\n\n\n<p>Finalmente agradeci\u00f3 la presencia y la colaboraci\u00f3n permanente de las \u00e1reas de Salud y Tr\u00e1nsito.<\/p>\n<div class=\"fb-background-color\">\n\t\t\t  <div \n\t\t\t  \tclass = \"fb-comments\" \n\t\t\t  \tdata-href = \"https:\/\/www.elpolitologoyelpolitico.com.ar\/wordpress\/2024\/03\/02\/importante-convocatoria-en-la-regata-del-7-de-marzo\/\"\n\t\t\t  \tdata-numposts = \"10\"\n\t\t\t  \tdata-lazy = \"true\"\n\t\t\t\tdata-colorscheme = \"light\"\n\t\t\t\tdata-order-by = \"social\"\n\t\t\t\tdata-mobile=true>\n\t\t\t  <\/div><\/div>\n\t\t  <style>\n\t\t    .fb-background-color {\n\t\t\t\tbackground: #ffffff !important;\n\t\t\t}\n\t\t\t.fb_iframe_widget_fluid_desktop iframe {\n\t\t\t    width: 100% !important;\n\t\t\t}\n\t\t  <\/style>\n\t\t  ","protected":false},"excerpt":{"rendered":"<p>En representaci\u00f3n del Intendente, Ricardo Marino, el Secretario de Producci\u00f3n, Desarrollo Comunitario y Econ\u00f3mico, Ra\u00fal Rosemberg, particip\u00f3 de la Regata del 7 de Marzo, este s\u00e1bado por la ma\u00f1ana. Como es habitual, el punto de encuentro fue la sede de la Escuela Municipal de Canotaje, en el balneario El Malec\u00f3n. Rosemberg concurri\u00f3 acompa\u00f1ado por integrantes [&hellip;]<\/p>\n","protected":false},"author":2,"featured_media":37604,"comment_status":"closed","ping_status":"closed","sticky":false,"template":"","format":"standard","meta":{"_joinchat":[],"footnotes":""},"categories":[39],"tags":[],"class_list":["post-37603","post","type-post","status-publish","format-standard","has-post-thumbnail","hentry","category-en-esta-seccion"],"_links":{"self":[{"href":"https:\/\/www.elpolitologoyelpolitico.com.ar\/wordpress\/wp-json\/wp\/v2\/posts\/37603","targetHints":{"allow":["GET"]}}],"collection":[{"href":"https:\/\/www.elpolitologoyelpolitico.com.ar\/wordpress\/wp-json\/wp\/v2\/posts"}],"about":[{"href":"https:\/\/www.elpolitologoyelpolitico.com.ar\/wordpress\/wp-json\/wp\/v2\/types\/post"}],"author":[{"embeddable":true,"href":"https:\/\/www.elpolitologoyelpolitico.com.ar\/wordpress\/wp-json\/wp\/v2\/users\/2"}],"replies":[{"embeddable":true,"href":"https:\/\/www.elpolitologoyelpolitico.com.ar\/wordpress\/wp-json\/wp\/v2\/comments?post=37603"}],"version-history":[{"count":1,"href":"https:\/\/www.elpolitologoyelpolitico.com.ar\/wordpress\/wp-json\/wp\/v2\/posts\/37603\/revisions"}],"predecessor-version":[{"id":37605,"href":"https:\/\/www.elpolitologoyelpolitico.com.ar\/wordpress\/wp-json\/wp\/v2\/posts\/37603\/revisions\/37605"}],"wp:featuredmedia":[{"embeddable":true,"href":"https:\/\/www.elpolitologoyelpolitico.com.ar\/wordpress\/wp-json\/wp\/v2\/media\/37604"}],"wp:attachment":[{"href":"https:\/\/www.elpolitologoyelpolitico.com.ar\/wordpress\/wp-json\/wp\/v2\/media?parent=37603"}],"wp:term":[{"taxonomy":"category","embeddable":true,"href":"https:\/\/www.elpolitologoyelpolitico.com.ar\/wordpress\/wp-json\/wp\/v2\/categories?post=37603"},{"taxonomy":"post_tag","embeddable":true,"href":"https:\/\/www.elpolitologoyelpolitico.com.ar\/wordpress\/wp-json\/wp\/v2\/tags?post=37603"}],"curies":[{"name":"wp","href":"https:\/\/api.w.org\/{rel}","templated":true}]}}