{"id":3760,"date":"2021-06-03T07:43:30","date_gmt":"2021-06-03T07:43:30","guid":{"rendered":"https:\/\/www.elpolitologoyelpolitico.com.ar\/wordpress\/?p=3760"},"modified":"2021-06-03T07:44:33","modified_gmt":"2021-06-03T07:44:33","slug":"se-realizo-la-licitacion-para-la-primera-etapa-de-pavimentacion-de-diversas-calles-de-carmen-de-patagones","status":"publish","type":"post","link":"https:\/\/www.elpolitologoyelpolitico.com.ar\/wordpress\/2021\/06\/03\/se-realizo-la-licitacion-para-la-primera-etapa-de-pavimentacion-de-diversas-calles-de-carmen-de-patagones\/","title":{"rendered":"Se realiz\u00f3 la licitaci\u00f3n para la primera etapa de pavimentaci\u00f3n de diversas calles de Carmen de Patagones"},"content":{"rendered":"\t\t<div data-elementor-type=\"wp-post\" data-elementor-id=\"3760\" class=\"elementor elementor-3760\">\n\t\t\t\t\t\t<section class=\"elementor-section elementor-top-section elementor-element elementor-element-3cbce5a5 elementor-section-boxed elementor-section-height-default elementor-section-height-default\" data-id=\"3cbce5a5\" data-element_type=\"section\" data-e-type=\"section\">\n\t\t\t\t\t\t<div class=\"elementor-container elementor-column-gap-default\">\n\t\t\t\t\t<div class=\"elementor-column elementor-col-100 elementor-top-column elementor-element elementor-element-311681cb\" data-id=\"311681cb\" data-element_type=\"column\" data-e-type=\"column\">\n\t\t\t<div class=\"elementor-widget-wrap elementor-element-populated\">\n\t\t\t\t\t\t<div class=\"elementor-element elementor-element-276dd23e elementor-widget elementor-widget-text-editor\" data-id=\"276dd23e\" data-element_type=\"widget\" data-e-type=\"widget\" data-widget_type=\"text-editor.default\">\n\t\t\t\t<div class=\"elementor-widget-container\">\n\t\t\t\t\t\t\t\t\t\n<p>El Intendente, Ing. Jos\u00e9 Luis Zara, presidi\u00f3 hoy la apertura de sobres correspondiente a licitaci\u00f3n de la obra de pavimentaci\u00f3n en diversas calles de Carmen de Patagones.<\/p>\n\n\n\n<p>La misma contempla la realizaci\u00f3n de 6.253,27 metros cuadrados de pavimento flexible y es financiada a trav\u00e9s del Fondo Educativo.<\/p>\n\n\n\n<p>Contemplar\u00e1 las calles S\u00e1nchez de Rial; entre Buenos Aires y Bertolone, Buenos Aires; entre Oyuela y Sarmiento, Juan Domingo Per\u00f3n; entre Villegas y Bynon, y Marcelino Crespo; entre Moreno y Linares.<\/p>\n\n\n\n<p>Estuvieron presentes en el acto licitatorio, el Jefe de Gabinete, Fabio Bettinelli, el\u00a0 Secretario de\u00a0 Hacienda, Ricardo Teller\u00eda, el Secretario y el Subsecretario de Obras P\u00fablicas, Jorge Isaac y Roberto Haure, respectivamente, la Directora de Gobierno, Adriana Llambay, la Directora de Compras, Claudia San Mart\u00edn, y el concejal de Juntos por el Cambio, Rosario Melluso.<\/p>\n\n\n\n<figure class=\"wp-block-image size-large\"><img fetchpriority=\"high\" decoding=\"async\" width=\"720\" height=\"333\" src=\"https:\/\/www.elpolitologoyelpolitico.com.ar\/wp-content\/uploads\/2021\/06\/WhatsApp-Image-2021-06-02-at-11.54.15-PM.jpeg\" alt=\"\" class=\"wp-image-3762\" srcset=\"https:\/\/www.elpolitologoyelpolitico.com.ar\/wp-content\/uploads\/2021\/06\/WhatsApp-Image-2021-06-02-at-11.54.15-PM.jpeg 720w, https:\/\/www.elpolitologoyelpolitico.com.ar\/wp-content\/uploads\/2021\/06\/WhatsApp-Image-2021-06-02-at-11.54.15-PM-300x139.jpeg 300w\" sizes=\"(max-width: 720px) 100vw, 720px\" \/><\/figure>\n\t\t\t\t\t\t\t\t<\/div>\n\t\t\t\t<\/div>\n\t\t\t\t\t<\/div>\n\t\t<\/div>\n\t\t\t\t\t<\/div>\n\t\t<\/section>\n\t\t\t\t<\/div>\n\t\t<div class=\"fb-background-color\">\n\t\t\t  <div \n\t\t\t  \tclass = \"fb-comments\" \n\t\t\t  \tdata-href = \"https:\/\/www.elpolitologoyelpolitico.com.ar\/wordpress\/2021\/06\/03\/se-realizo-la-licitacion-para-la-primera-etapa-de-pavimentacion-de-diversas-calles-de-carmen-de-patagones\/\"\n\t\t\t  \tdata-numposts = \"10\"\n\t\t\t  \tdata-lazy = \"true\"\n\t\t\t\tdata-colorscheme = \"light\"\n\t\t\t\tdata-order-by = \"social\"\n\t\t\t\tdata-mobile=true>\n\t\t\t  <\/div><\/div>\n\t\t  <style>\n\t\t    .fb-background-color {\n\t\t\t\tbackground: #ffffff !important;\n\t\t\t}\n\t\t\t.fb_iframe_widget_fluid_desktop iframe {\n\t\t\t    width: 100% !important;\n\t\t\t}\n\t\t  <\/style>\n\t\t  ","protected":false},"excerpt":{"rendered":"<p>El Intendente, Ing. Jos\u00e9 Luis Zara, presidi\u00f3 hoy la apertura de sobres correspondiente a licitaci\u00f3n de la obra de pavimentaci\u00f3n en diversas calles de Carmen de Patagones. La misma contempla la realizaci\u00f3n de 6.253,27 metros cuadrados de pavimento flexible y es financiada a trav\u00e9s del Fondo Educativo. Contemplar\u00e1 las calles S\u00e1nchez de Rial; entre Buenos [&hellip;]<\/p>\n","protected":false},"author":4,"featured_media":3761,"comment_status":"closed","ping_status":"closed","sticky":false,"template":"","format":"standard","meta":{"_joinchat":[],"footnotes":""},"categories":[4],"tags":[],"class_list":["post-3760","post","type-post","status-publish","format-standard","has-post-thumbnail","hentry","category-politicas-publicas"],"_links":{"self":[{"href":"https:\/\/www.elpolitologoyelpolitico.com.ar\/wordpress\/wp-json\/wp\/v2\/posts\/3760","targetHints":{"allow":["GET"]}}],"collection":[{"href":"https:\/\/www.elpolitologoyelpolitico.com.ar\/wordpress\/wp-json\/wp\/v2\/posts"}],"about":[{"href":"https:\/\/www.elpolitologoyelpolitico.com.ar\/wordpress\/wp-json\/wp\/v2\/types\/post"}],"author":[{"embeddable":true,"href":"https:\/\/www.elpolitologoyelpolitico.com.ar\/wordpress\/wp-json\/wp\/v2\/users\/4"}],"replies":[{"embeddable":true,"href":"https:\/\/www.elpolitologoyelpolitico.com.ar\/wordpress\/wp-json\/wp\/v2\/comments?post=3760"}],"version-history":[{"count":0,"href":"https:\/\/www.elpolitologoyelpolitico.com.ar\/wordpress\/wp-json\/wp\/v2\/posts\/3760\/revisions"}],"wp:featuredmedia":[{"embeddable":true,"href":"https:\/\/www.elpolitologoyelpolitico.com.ar\/wordpress\/wp-json\/wp\/v2\/media\/3761"}],"wp:attachment":[{"href":"https:\/\/www.elpolitologoyelpolitico.com.ar\/wordpress\/wp-json\/wp\/v2\/media?parent=3760"}],"wp:term":[{"taxonomy":"category","embeddable":true,"href":"https:\/\/www.elpolitologoyelpolitico.com.ar\/wordpress\/wp-json\/wp\/v2\/categories?post=3760"},{"taxonomy":"post_tag","embeddable":true,"href":"https:\/\/www.elpolitologoyelpolitico.com.ar\/wordpress\/wp-json\/wp\/v2\/tags?post=3760"}],"curies":[{"name":"wp","href":"https:\/\/api.w.org\/{rel}","templated":true}]}}