{"id":37592,"date":"2024-03-02T20:52:28","date_gmt":"2024-03-02T23:52:28","guid":{"rendered":"https:\/\/www.elpolitologoyelpolitico.com.ar\/wordpress\/?p=37592"},"modified":"2024-03-02T20:52:30","modified_gmt":"2024-03-02T23:52:30","slug":"javier-milei-y-el-pacto-del-25-de-mayo","status":"publish","type":"post","link":"https:\/\/www.elpolitologoyelpolitico.com.ar\/wordpress\/2024\/03\/02\/javier-milei-y-el-pacto-del-25-de-mayo\/","title":{"rendered":"Javier Milei y el pacto del 25 de mayo"},"content":{"rendered":"\n<p><\/p>\n\n\n\n<p>El Presidente Javier Milei di\u00f3 inicio a las sesiones ordinarias del Congreso.<\/p>\n\n\n\n<p>Estuvo acompa\u00f1ado por Victoria Villarruel (Vicepresidenta de la Naci\u00f3n y m\u00e1xima representante del Senado) y Mart\u00edn Menem (Presidente de la C\u00e1mara de Diputado).<\/p>\n\n\n\n<p>El presidente realiz\u00f3 un balance de lo realizado hasta el momento por el Gobierno Nacional y anuncio varias lineas de acci\u00f3n a futuro.<\/p>\n\n\n\n<p>Milei, analizo las distintas politicas que implement\u00f3 el kirchnerismo y como heredo su gobierno.<\/p>\n\n\n\n<p>Por otro lado, propuso celebrar un pacto con 10 principios para redundar el pa\u00eds el pr\u00f3ximo 25 de mayo en Cordoba.<\/p>\n\n\n\n<p><strong>LOS 10 PUNTOS:<\/strong><\/p>\n\n\n\n<ol class=\"wp-block-list\">\n<li>Inviolabilidad de la propiedad privada.<\/li>\n\n\n\n<li>El equilibrio fiscal innegociable.<\/li>\n\n\n\n<li>La reducci\u00f3n del gasto p\u00fablico a niveles hist\u00f3ricos, en torno al 25% del Producto Bruto Interno.<\/li>\n\n\n\n<li>Una reforma tributaria que reduzca la presi\u00f3n impositiva, simplifique la vida de los argentinos y promueva el comercio.<\/li>\n\n\n\n<li>La rediscusi\u00f3n de la coparticipaci\u00f3n federal de impuestos para terminar para siempre con el modelo extorsivo actual.<\/li>\n\n\n\n<li>Un compromiso de las provincias de avanzar en la explotaci\u00f3n de los recursos naturales del pa\u00eds.<\/li>\n\n\n\n<li>Una reforma laboral moderna que promueva el trabajo formal.<\/li>\n\n\n\n<li>Una reforma previsional que le d\u00e9 sustentabilidad al sistema, respete a quienes aportaron y permita, a quienes prefieran, suscribirse a un sistema privado de jubilaci\u00f3n.<\/li>\n\n\n\n<li>Una reforma pol\u00edtica estructural que modifique el sistema actual y vuelva a alinear los intereses de los representantes y los representados.<\/li>\n\n\n\n<li>La apertura al comercio internacional, de manera que la Argentina vuelva a ser una protagonista del mercado global.<\/li>\n<\/ol>\n\n\n\n<p>Anteriormente, los gobernadores deben aprobar la ley \u00f3mnibus para lograr un alivio fiscal a las provincias.<\/p>\n\n\n\n<p>\u201cQuiero aprovechar para mandarles una invitaci\u00f3n: convocar tanto a gobernadores como a expresidentes a que depongamos nuestros intereses personales y que nos encontremos en la provincia de C\u00f3rdoba el pr\u00f3ximo 25 de mayo para la firma de un nuevo contrato social, llamado \u2018Pacto de Mayo\u2019 que establezca los diez principios del nuevo orden econ\u00f3mico argentino\u201d, enfatiz\u00f3 anoche el presidente Milei en su discurso inaugural del 142\u00b0 per\u00edodo de sesiones ordinarias del Congreso.<\/p>\n\n\n\n<p><\/p>\n\n\n\n<figure class=\"wp-block-image size-full\"><img fetchpriority=\"high\" decoding=\"async\" width=\"420\" height=\"280\" src=\"https:\/\/www.elpolitologoyelpolitico.com.ar\/wp-content\/uploads\/2024\/03\/los-ministros-aplauden-al-42IX53R3Z5E4TGISGRLNEHDVEE.jpeg\" alt=\"\" class=\"wp-image-37595\" srcset=\"https:\/\/www.elpolitologoyelpolitico.com.ar\/wp-content\/uploads\/2024\/03\/los-ministros-aplauden-al-42IX53R3Z5E4TGISGRLNEHDVEE.jpeg 420w, https:\/\/www.elpolitologoyelpolitico.com.ar\/wp-content\/uploads\/2024\/03\/los-ministros-aplauden-al-42IX53R3Z5E4TGISGRLNEHDVEE-300x200.jpeg 300w\" sizes=\"(max-width: 420px) 100vw, 420px\" \/><\/figure>\n\n\n\n<figure class=\"wp-block-image size-full\"><img decoding=\"async\" width=\"420\" height=\"280\" src=\"https:\/\/www.elpolitologoyelpolitico.com.ar\/wp-content\/uploads\/2024\/03\/el-saludo-de-milei-al-subirse-al-O3QARVXJ4JD5ZM2FCLSAERRSUU.jpeg\" alt=\"\" class=\"wp-image-37596\" srcset=\"https:\/\/www.elpolitologoyelpolitico.com.ar\/wp-content\/uploads\/2024\/03\/el-saludo-de-milei-al-subirse-al-O3QARVXJ4JD5ZM2FCLSAERRSUU.jpeg 420w, https:\/\/www.elpolitologoyelpolitico.com.ar\/wp-content\/uploads\/2024\/03\/el-saludo-de-milei-al-subirse-al-O3QARVXJ4JD5ZM2FCLSAERRSUU-300x200.jpeg 300w\" sizes=\"(max-width: 420px) 100vw, 420px\" \/><\/figure>\n<div class=\"fb-background-color\">\n\t\t\t  <div \n\t\t\t  \tclass = \"fb-comments\" \n\t\t\t  \tdata-href = \"https:\/\/www.elpolitologoyelpolitico.com.ar\/wordpress\/2024\/03\/02\/javier-milei-y-el-pacto-del-25-de-mayo\/\"\n\t\t\t  \tdata-numposts = \"10\"\n\t\t\t  \tdata-lazy = \"true\"\n\t\t\t\tdata-colorscheme = \"light\"\n\t\t\t\tdata-order-by = \"social\"\n\t\t\t\tdata-mobile=true>\n\t\t\t  <\/div><\/div>\n\t\t  <style>\n\t\t    .fb-background-color {\n\t\t\t\tbackground: #ffffff !important;\n\t\t\t}\n\t\t\t.fb_iframe_widget_fluid_desktop iframe {\n\t\t\t    width: 100% !important;\n\t\t\t}\n\t\t  <\/style>\n\t\t  ","protected":false},"excerpt":{"rendered":"<p>El Presidente Javier Milei di\u00f3 inicio a las sesiones ordinarias del Congreso. Estuvo acompa\u00f1ado por Victoria Villarruel (Vicepresidenta de la Naci\u00f3n y m\u00e1xima representante del Senado) y Mart\u00edn Menem (Presidente de la C\u00e1mara de Diputado). El presidente realiz\u00f3 un balance de lo realizado hasta el momento por el Gobierno Nacional y anuncio varias lineas de [&hellip;]<\/p>\n","protected":false},"author":2,"featured_media":37594,"comment_status":"closed","ping_status":"closed","sticky":false,"template":"","format":"standard","meta":{"_joinchat":[],"footnotes":""},"categories":[39],"tags":[],"class_list":["post-37592","post","type-post","status-publish","format-standard","has-post-thumbnail","hentry","category-en-esta-seccion"],"_links":{"self":[{"href":"https:\/\/www.elpolitologoyelpolitico.com.ar\/wordpress\/wp-json\/wp\/v2\/posts\/37592","targetHints":{"allow":["GET"]}}],"collection":[{"href":"https:\/\/www.elpolitologoyelpolitico.com.ar\/wordpress\/wp-json\/wp\/v2\/posts"}],"about":[{"href":"https:\/\/www.elpolitologoyelpolitico.com.ar\/wordpress\/wp-json\/wp\/v2\/types\/post"}],"author":[{"embeddable":true,"href":"https:\/\/www.elpolitologoyelpolitico.com.ar\/wordpress\/wp-json\/wp\/v2\/users\/2"}],"replies":[{"embeddable":true,"href":"https:\/\/www.elpolitologoyelpolitico.com.ar\/wordpress\/wp-json\/wp\/v2\/comments?post=37592"}],"version-history":[{"count":1,"href":"https:\/\/www.elpolitologoyelpolitico.com.ar\/wordpress\/wp-json\/wp\/v2\/posts\/37592\/revisions"}],"predecessor-version":[{"id":37597,"href":"https:\/\/www.elpolitologoyelpolitico.com.ar\/wordpress\/wp-json\/wp\/v2\/posts\/37592\/revisions\/37597"}],"wp:featuredmedia":[{"embeddable":true,"href":"https:\/\/www.elpolitologoyelpolitico.com.ar\/wordpress\/wp-json\/wp\/v2\/media\/37594"}],"wp:attachment":[{"href":"https:\/\/www.elpolitologoyelpolitico.com.ar\/wordpress\/wp-json\/wp\/v2\/media?parent=37592"}],"wp:term":[{"taxonomy":"category","embeddable":true,"href":"https:\/\/www.elpolitologoyelpolitico.com.ar\/wordpress\/wp-json\/wp\/v2\/categories?post=37592"},{"taxonomy":"post_tag","embeddable":true,"href":"https:\/\/www.elpolitologoyelpolitico.com.ar\/wordpress\/wp-json\/wp\/v2\/tags?post=37592"}],"curies":[{"name":"wp","href":"https:\/\/api.w.org\/{rel}","templated":true}]}}