{"id":37576,"date":"2024-03-02T12:42:00","date_gmt":"2024-03-02T15:42:00","guid":{"rendered":"https:\/\/www.elpolitologoyelpolitico.com.ar\/wordpress\/?p=37576"},"modified":"2024-03-02T12:42:02","modified_gmt":"2024-03-02T15:42:02","slug":"alerta-patagones-viedma-se-esperan-vientos-de-45-km-h","status":"publish","type":"post","link":"https:\/\/www.elpolitologoyelpolitico.com.ar\/wordpress\/2024\/03\/02\/alerta-patagones-viedma-se-esperan-vientos-de-45-km-h\/","title":{"rendered":"ALERTA PATAGONES- VIEDMA: Se esperan vientos de 45 km\/h"},"content":{"rendered":"\n<p>El clima en La Comarca Viedma-Patagones para hoy ser\u00e1 particular por los fuertes vientos que llegar\u00e1n a los 45 km\/h.<\/p>\n\n\n\n<p>La m\u00e1xima para este s\u00e1bado ser\u00e1 de 22\u00b0 mientras que la minima llegar\u00e1 a los 11\u00b0. Si bien el sol estar\u00e1 presente, se espera un dia parcialmente nublado. <\/p>\n\n\n\n<p>Se recomienda a los vecinos precausi\u00f3n en algunas zonas peligrosas, como son plazas, costanera, etc. <\/p>\n<div class=\"fb-background-color\">\n\t\t\t  <div \n\t\t\t  \tclass = \"fb-comments\" \n\t\t\t  \tdata-href = \"https:\/\/www.elpolitologoyelpolitico.com.ar\/wordpress\/2024\/03\/02\/alerta-patagones-viedma-se-esperan-vientos-de-45-km-h\/\"\n\t\t\t  \tdata-numposts = \"10\"\n\t\t\t  \tdata-lazy = \"true\"\n\t\t\t\tdata-colorscheme = \"light\"\n\t\t\t\tdata-order-by = \"social\"\n\t\t\t\tdata-mobile=true>\n\t\t\t  <\/div><\/div>\n\t\t  <style>\n\t\t    .fb-background-color {\n\t\t\t\tbackground: #ffffff !important;\n\t\t\t}\n\t\t\t.fb_iframe_widget_fluid_desktop iframe {\n\t\t\t    width: 100% !important;\n\t\t\t}\n\t\t  <\/style>\n\t\t  ","protected":false},"excerpt":{"rendered":"<p>El clima en La Comarca Viedma-Patagones para hoy ser\u00e1 particular por los fuertes vientos que llegar\u00e1n a los 45 km\/h. La m\u00e1xima para este s\u00e1bado ser\u00e1 de 22\u00b0 mientras que la minima llegar\u00e1 a los 11\u00b0. Si bien el sol estar\u00e1 presente, se espera un dia parcialmente nublado. Se recomienda a los vecinos precausi\u00f3n en [&hellip;]<\/p>\n","protected":false},"author":2,"featured_media":37577,"comment_status":"closed","ping_status":"closed","sticky":false,"template":"","format":"standard","meta":{"_joinchat":[],"footnotes":""},"categories":[39],"tags":[],"class_list":["post-37576","post","type-post","status-publish","format-standard","has-post-thumbnail","hentry","category-en-esta-seccion"],"_links":{"self":[{"href":"https:\/\/www.elpolitologoyelpolitico.com.ar\/wordpress\/wp-json\/wp\/v2\/posts\/37576","targetHints":{"allow":["GET"]}}],"collection":[{"href":"https:\/\/www.elpolitologoyelpolitico.com.ar\/wordpress\/wp-json\/wp\/v2\/posts"}],"about":[{"href":"https:\/\/www.elpolitologoyelpolitico.com.ar\/wordpress\/wp-json\/wp\/v2\/types\/post"}],"author":[{"embeddable":true,"href":"https:\/\/www.elpolitologoyelpolitico.com.ar\/wordpress\/wp-json\/wp\/v2\/users\/2"}],"replies":[{"embeddable":true,"href":"https:\/\/www.elpolitologoyelpolitico.com.ar\/wordpress\/wp-json\/wp\/v2\/comments?post=37576"}],"version-history":[{"count":1,"href":"https:\/\/www.elpolitologoyelpolitico.com.ar\/wordpress\/wp-json\/wp\/v2\/posts\/37576\/revisions"}],"predecessor-version":[{"id":37578,"href":"https:\/\/www.elpolitologoyelpolitico.com.ar\/wordpress\/wp-json\/wp\/v2\/posts\/37576\/revisions\/37578"}],"wp:featuredmedia":[{"embeddable":true,"href":"https:\/\/www.elpolitologoyelpolitico.com.ar\/wordpress\/wp-json\/wp\/v2\/media\/37577"}],"wp:attachment":[{"href":"https:\/\/www.elpolitologoyelpolitico.com.ar\/wordpress\/wp-json\/wp\/v2\/media?parent=37576"}],"wp:term":[{"taxonomy":"category","embeddable":true,"href":"https:\/\/www.elpolitologoyelpolitico.com.ar\/wordpress\/wp-json\/wp\/v2\/categories?post=37576"},{"taxonomy":"post_tag","embeddable":true,"href":"https:\/\/www.elpolitologoyelpolitico.com.ar\/wordpress\/wp-json\/wp\/v2\/tags?post=37576"}],"curies":[{"name":"wp","href":"https:\/\/api.w.org\/{rel}","templated":true}]}}