{"id":37572,"date":"2024-03-01T18:53:04","date_gmt":"2024-03-01T21:53:04","guid":{"rendered":"https:\/\/www.elpolitologoyelpolitico.com.ar\/wordpress\/?p=37572"},"modified":"2024-03-01T18:55:56","modified_gmt":"2024-03-01T21:55:56","slug":"quedo-inaugurando-el-trigesimo-quinto-periodo-de-sesiones-ordinarias-en-viedma","status":"publish","type":"post","link":"https:\/\/www.elpolitologoyelpolitico.com.ar\/wordpress\/2024\/03\/01\/quedo-inaugurando-el-trigesimo-quinto-periodo-de-sesiones-ordinarias-en-viedma\/","title":{"rendered":"Qued\u00f3 inaugurado el Trig\u00e9simo Quinto Per\u00edodo de Sesiones Ordinarias en Viedma"},"content":{"rendered":"\n<p><\/p>\n\n\n\n<p><br>El Concejo Deliberante de Viedma inaugur\u00f3 un nuevo per\u00edodo institucional anual con la presidencia de Pedro Bichara y el discurso con las claves de su gesti\u00f3n del intendente Marcos Castro.<\/p>\n\n\n\n<p><br>El Cuerpo sesion\u00f3 con el pleno de Concejales y el acto cont\u00f3 con la presencia del vicegobernador de R\u00edo Negro, Pedro Pesatti, ministros del ejecutivo y legisladores provinciales, secretarios y funcionarios municipales, autoridades judiciales, representantes gremiales, de fuerzas de seguridad y entidades intermedias.<\/p>\n<div class=\"fb-background-color\">\n\t\t\t  <div \n\t\t\t  \tclass = \"fb-comments\" \n\t\t\t  \tdata-href = \"https:\/\/www.elpolitologoyelpolitico.com.ar\/wordpress\/2024\/03\/01\/quedo-inaugurando-el-trigesimo-quinto-periodo-de-sesiones-ordinarias-en-viedma\/\"\n\t\t\t  \tdata-numposts = \"10\"\n\t\t\t  \tdata-lazy = \"true\"\n\t\t\t\tdata-colorscheme = \"light\"\n\t\t\t\tdata-order-by = \"social\"\n\t\t\t\tdata-mobile=true>\n\t\t\t  <\/div><\/div>\n\t\t  <style>\n\t\t    .fb-background-color {\n\t\t\t\tbackground: #ffffff !important;\n\t\t\t}\n\t\t\t.fb_iframe_widget_fluid_desktop iframe {\n\t\t\t    width: 100% !important;\n\t\t\t}\n\t\t  <\/style>\n\t\t  ","protected":false},"excerpt":{"rendered":"<p>El Concejo Deliberante de Viedma inaugur\u00f3 un nuevo per\u00edodo institucional anual con la presidencia de Pedro Bichara y el discurso con las claves de su gesti\u00f3n del intendente Marcos Castro. El Cuerpo sesion\u00f3 con el pleno de Concejales y el acto cont\u00f3 con la presencia del vicegobernador de R\u00edo Negro, Pedro Pesatti, ministros del ejecutivo [&hellip;]<\/p>\n","protected":false},"author":2,"featured_media":37573,"comment_status":"closed","ping_status":"closed","sticky":false,"template":"","format":"standard","meta":{"_joinchat":[],"footnotes":""},"categories":[39],"tags":[],"class_list":["post-37572","post","type-post","status-publish","format-standard","has-post-thumbnail","hentry","category-en-esta-seccion"],"_links":{"self":[{"href":"https:\/\/www.elpolitologoyelpolitico.com.ar\/wordpress\/wp-json\/wp\/v2\/posts\/37572","targetHints":{"allow":["GET"]}}],"collection":[{"href":"https:\/\/www.elpolitologoyelpolitico.com.ar\/wordpress\/wp-json\/wp\/v2\/posts"}],"about":[{"href":"https:\/\/www.elpolitologoyelpolitico.com.ar\/wordpress\/wp-json\/wp\/v2\/types\/post"}],"author":[{"embeddable":true,"href":"https:\/\/www.elpolitologoyelpolitico.com.ar\/wordpress\/wp-json\/wp\/v2\/users\/2"}],"replies":[{"embeddable":true,"href":"https:\/\/www.elpolitologoyelpolitico.com.ar\/wordpress\/wp-json\/wp\/v2\/comments?post=37572"}],"version-history":[{"count":2,"href":"https:\/\/www.elpolitologoyelpolitico.com.ar\/wordpress\/wp-json\/wp\/v2\/posts\/37572\/revisions"}],"predecessor-version":[{"id":37575,"href":"https:\/\/www.elpolitologoyelpolitico.com.ar\/wordpress\/wp-json\/wp\/v2\/posts\/37572\/revisions\/37575"}],"wp:featuredmedia":[{"embeddable":true,"href":"https:\/\/www.elpolitologoyelpolitico.com.ar\/wordpress\/wp-json\/wp\/v2\/media\/37573"}],"wp:attachment":[{"href":"https:\/\/www.elpolitologoyelpolitico.com.ar\/wordpress\/wp-json\/wp\/v2\/media?parent=37572"}],"wp:term":[{"taxonomy":"category","embeddable":true,"href":"https:\/\/www.elpolitologoyelpolitico.com.ar\/wordpress\/wp-json\/wp\/v2\/categories?post=37572"},{"taxonomy":"post_tag","embeddable":true,"href":"https:\/\/www.elpolitologoyelpolitico.com.ar\/wordpress\/wp-json\/wp\/v2\/tags?post=37572"}],"curies":[{"name":"wp","href":"https:\/\/api.w.org\/{rel}","templated":true}]}}