{"id":3748,"date":"2021-06-03T07:37:00","date_gmt":"2021-06-03T07:37:00","guid":{"rendered":"https:\/\/www.elpolitologoyelpolitico.com.ar\/wordpress\/?p=3748"},"modified":"2021-06-03T07:37:19","modified_gmt":"2021-06-03T07:37:19","slug":"tenemos-que-ser-ese-partido-que-construya-sus-propios-proyectos-politicos","status":"publish","type":"post","link":"https:\/\/www.elpolitologoyelpolitico.com.ar\/wordpress\/2021\/06\/03\/tenemos-que-ser-ese-partido-que-construya-sus-propios-proyectos-politicos\/","title":{"rendered":"Tenemos que ser ese Partido que construya sus propios proyectos pol\u00edticos"},"content":{"rendered":"\t\t<div data-elementor-type=\"wp-post\" data-elementor-id=\"3748\" class=\"elementor elementor-3748\">\n\t\t\t\t\t\t<section class=\"elementor-section elementor-top-section elementor-element elementor-element-60aea571 elementor-section-boxed elementor-section-height-default elementor-section-height-default\" data-id=\"60aea571\" data-element_type=\"section\" data-e-type=\"section\">\n\t\t\t\t\t\t<div class=\"elementor-container elementor-column-gap-default\">\n\t\t\t\t\t<div class=\"elementor-column elementor-col-100 elementor-top-column elementor-element elementor-element-4f4bf76d\" data-id=\"4f4bf76d\" data-element_type=\"column\" data-e-type=\"column\">\n\t\t\t<div class=\"elementor-widget-wrap elementor-element-populated\">\n\t\t\t\t\t\t<div class=\"elementor-element elementor-element-2bdf0088 elementor-widget elementor-widget-text-editor\" data-id=\"2bdf0088\" data-element_type=\"widget\" data-e-type=\"widget\" data-widget_type=\"text-editor.default\">\n\t\t\t\t<div class=\"elementor-widget-container\">\n\t\t\t\t\t\t\t\t\t\n<p>El 11 de abril fueron las elecciones internas del radicalismo en la Provincia de R\u00edo Negro, en donde se presentaron dos listas: la Lista Roja, Blanca y Negra encabezada por Santiago Ibarrolaza y la lista roja y blanca encabezada por Yamil Direne. &nbsp;Est\u00e1 \u00faltima gano las elecciones.<\/p>\n\n\n\n<p>Pero la lista Roja, Blanca y Negra que perdi\u00f3 con el 45% de los votos obtenidos, reclam\u00f3 sobre la resoluci\u00f3n de la Junta Electoral Provincial que pretend\u00eda dejarlos afuera y que no formen parte de la conducci\u00f3n.<\/p>\n\n\n\n<p>Santiago Ibarrolaza coment\u00f3 \u201cDurante el d\u00eda de ayer tuvimos un fallo de la Justicia Federal. Lamentablemente hace algunas semanas atr\u00e1s la junta electoral provincial, en ese proceso irregular que nos viene dando y que lo hemos denunciado hasta cansarnos, cuando proclama la lista definitiva para la asunci\u00f3n de autoridades deja afuera a nuestro sector. Eso no nos dio otra alternativa que ir a la justicia, ayer esta nos dio la raz\u00f3n y le ordeno a la junta provincial que ordenen la formula en funci\u00f3n del lamentable deceso de Yamil Direne y que asuma quien corresponda a la presidencia del comit\u00e9\u201d y agreg\u00f3 \u201cEsperamos terminar este proceso, con todas las acciones judiciales que hemos presentado\u201d.<\/p>\n\n\n\n<p>Asimismo, se encuentran a la espera del fallo de la C\u00e1mara Nacional Electoral en relaci\u00f3n a las elecciones de Maquinchao y Lamarque. Finalizada estas cuestiones se har\u00e1 la asunci\u00f3n de las nuevas autoridades, conducidas por Mar\u00eda de los \u00c1ngeles Dalceggio como presidenta y Santiago Ibarrolaza como vicepresidente primero. \u201cEl radicalismo es un Partido con identidad propia y que a la Provincia le ha dado mucho. Tenemos que ser ese Partido que construya sus propios proyectos pol\u00edticos\u201d manifest\u00f3&nbsp; Ibarrolaza.<\/p>\n\t\t\t\t\t\t\t\t<\/div>\n\t\t\t\t<\/div>\n\t\t\t\t\t<\/div>\n\t\t<\/div>\n\t\t\t\t\t<\/div>\n\t\t<\/section>\n\t\t\t\t<\/div>\n\t\t<div class=\"fb-background-color\">\n\t\t\t  <div \n\t\t\t  \tclass = \"fb-comments\" \n\t\t\t  \tdata-href = \"https:\/\/www.elpolitologoyelpolitico.com.ar\/wordpress\/2021\/06\/03\/tenemos-que-ser-ese-partido-que-construya-sus-propios-proyectos-politicos\/\"\n\t\t\t  \tdata-numposts = \"10\"\n\t\t\t  \tdata-lazy = \"true\"\n\t\t\t\tdata-colorscheme = \"light\"\n\t\t\t\tdata-order-by = \"social\"\n\t\t\t\tdata-mobile=true>\n\t\t\t  <\/div><\/div>\n\t\t  <style>\n\t\t    .fb-background-color {\n\t\t\t\tbackground: #ffffff !important;\n\t\t\t}\n\t\t\t.fb_iframe_widget_fluid_desktop iframe {\n\t\t\t    width: 100% !important;\n\t\t\t}\n\t\t  <\/style>\n\t\t  ","protected":false},"excerpt":{"rendered":"<p>El 11 de abril fueron las elecciones internas del radicalismo en la Provincia de R\u00edo Negro, en donde se presentaron dos listas: la Lista Roja, Blanca y Negra encabezada por Santiago Ibarrolaza y la lista roja y blanca encabezada por Yamil Direne. &nbsp;Est\u00e1 \u00faltima gano las elecciones. Pero la lista Roja, Blanca y Negra que [&hellip;]<\/p>\n","protected":false},"author":4,"featured_media":3749,"comment_status":"closed","ping_status":"closed","sticky":false,"template":"","format":"standard","meta":{"_joinchat":[],"footnotes":""},"categories":[5],"tags":[],"class_list":["post-3748","post","type-post","status-publish","format-standard","has-post-thumbnail","hentry","category-partidos-politicos"],"_links":{"self":[{"href":"https:\/\/www.elpolitologoyelpolitico.com.ar\/wordpress\/wp-json\/wp\/v2\/posts\/3748","targetHints":{"allow":["GET"]}}],"collection":[{"href":"https:\/\/www.elpolitologoyelpolitico.com.ar\/wordpress\/wp-json\/wp\/v2\/posts"}],"about":[{"href":"https:\/\/www.elpolitologoyelpolitico.com.ar\/wordpress\/wp-json\/wp\/v2\/types\/post"}],"author":[{"embeddable":true,"href":"https:\/\/www.elpolitologoyelpolitico.com.ar\/wordpress\/wp-json\/wp\/v2\/users\/4"}],"replies":[{"embeddable":true,"href":"https:\/\/www.elpolitologoyelpolitico.com.ar\/wordpress\/wp-json\/wp\/v2\/comments?post=3748"}],"version-history":[{"count":0,"href":"https:\/\/www.elpolitologoyelpolitico.com.ar\/wordpress\/wp-json\/wp\/v2\/posts\/3748\/revisions"}],"wp:featuredmedia":[{"embeddable":true,"href":"https:\/\/www.elpolitologoyelpolitico.com.ar\/wordpress\/wp-json\/wp\/v2\/media\/3749"}],"wp:attachment":[{"href":"https:\/\/www.elpolitologoyelpolitico.com.ar\/wordpress\/wp-json\/wp\/v2\/media?parent=3748"}],"wp:term":[{"taxonomy":"category","embeddable":true,"href":"https:\/\/www.elpolitologoyelpolitico.com.ar\/wordpress\/wp-json\/wp\/v2\/categories?post=3748"},{"taxonomy":"post_tag","embeddable":true,"href":"https:\/\/www.elpolitologoyelpolitico.com.ar\/wordpress\/wp-json\/wp\/v2\/tags?post=3748"}],"curies":[{"name":"wp","href":"https:\/\/api.w.org\/{rel}","templated":true}]}}