{"id":3742,"date":"2021-06-03T00:35:54","date_gmt":"2021-06-03T00:35:54","guid":{"rendered":"https:\/\/www.elpolitologoyelpolitico.com.ar\/wordpress\/?p=3742"},"modified":"2021-06-03T00:36:29","modified_gmt":"2021-06-03T00:36:29","slug":"el-punto-digital-no-detiene-sus-cursos","status":"publish","type":"post","link":"https:\/\/www.elpolitologoyelpolitico.com.ar\/wordpress\/2021\/06\/03\/el-punto-digital-no-detiene-sus-cursos\/","title":{"rendered":"El Punto Digital no detiene sus cursos"},"content":{"rendered":"\t\t<div data-elementor-type=\"wp-post\" data-elementor-id=\"3742\" class=\"elementor elementor-3742\">\n\t\t\t\t\t\t<section class=\"elementor-section elementor-top-section elementor-element elementor-element-2867d01d elementor-section-boxed elementor-section-height-default elementor-section-height-default\" data-id=\"2867d01d\" data-element_type=\"section\" data-e-type=\"section\">\n\t\t\t\t\t\t<div class=\"elementor-container elementor-column-gap-default\">\n\t\t\t\t\t<div class=\"elementor-column elementor-col-100 elementor-top-column elementor-element elementor-element-74923be2\" data-id=\"74923be2\" data-element_type=\"column\" data-e-type=\"column\">\n\t\t\t<div class=\"elementor-widget-wrap elementor-element-populated\">\n\t\t\t\t\t\t<div class=\"elementor-element elementor-element-34131e97 elementor-widget elementor-widget-text-editor\" data-id=\"34131e97\" data-element_type=\"widget\" data-e-type=\"widget\" data-widget_type=\"text-editor.default\">\n\t\t\t\t<div class=\"elementor-widget-container\">\n\t\t\t\t\t\t\t\t\t\n<p>El gobierno de Viedma contin\u00faa con el dictado de los nueve talleres del Punto Digital, ahora de forma virtual.&nbsp;<\/p>\n\n\n\n<p>Los mismos se desarrollaban presencialmente pero, ante la compleja situaci\u00f3n sanitaria que atraviesa nuestra comunidad, se adaptaron a modalidad virtual para el funcionamiento de dichas propuestas de formaci\u00f3n.&nbsp;<\/p>\n\n\n\n<p>Los nueve talleres destinadas a adolescentes, j\u00f3venes y adultos que estaban dise\u00f1ados para ser desarrollados presencialmente en el Punto Digital Viedma, ya han sido reorganizamos para dictarse en forma remota a trav\u00e9s de internet.&nbsp;<\/p>\n\n\n\n<p>Los talleres que se llevaban adelante en las instalaciones del Punto Digital y el Laboratorio de Proyectos Digitales y hoy fueron adaptados a la virtualidad, son: Rob\u00f3tica Educativa, Dise\u00f1o para redes sociales, Desarrollo para APPS, Programaci\u00f3n en Java, Modelado 3D, Impresi\u00f3n 3D, Alfabetizaci\u00f3n\u202fDigital, Autocad y Ofim\u00e1tica.&nbsp;<\/p>\n\t\t\t\t\t\t\t\t<\/div>\n\t\t\t\t<\/div>\n\t\t\t\t\t<\/div>\n\t\t<\/div>\n\t\t\t\t\t<\/div>\n\t\t<\/section>\n\t\t\t\t<\/div>\n\t\t<div class=\"fb-background-color\">\n\t\t\t  <div \n\t\t\t  \tclass = \"fb-comments\" \n\t\t\t  \tdata-href = \"https:\/\/www.elpolitologoyelpolitico.com.ar\/wordpress\/2021\/06\/03\/el-punto-digital-no-detiene-sus-cursos\/\"\n\t\t\t  \tdata-numposts = \"10\"\n\t\t\t  \tdata-lazy = \"true\"\n\t\t\t\tdata-colorscheme = \"light\"\n\t\t\t\tdata-order-by = \"social\"\n\t\t\t\tdata-mobile=true>\n\t\t\t  <\/div><\/div>\n\t\t  <style>\n\t\t    .fb-background-color {\n\t\t\t\tbackground: #ffffff !important;\n\t\t\t}\n\t\t\t.fb_iframe_widget_fluid_desktop iframe {\n\t\t\t    width: 100% !important;\n\t\t\t}\n\t\t  <\/style>\n\t\t  ","protected":false},"excerpt":{"rendered":"<p>El gobierno de Viedma contin\u00faa con el dictado de los nueve talleres del Punto Digital, ahora de forma virtual.&nbsp; Los mismos se desarrollaban presencialmente pero, ante la compleja situaci\u00f3n sanitaria que atraviesa nuestra comunidad, se adaptaron a modalidad virtual para el funcionamiento de dichas propuestas de formaci\u00f3n.&nbsp; Los nueve talleres destinadas a adolescentes, j\u00f3venes y [&hellip;]<\/p>\n","protected":false},"author":4,"featured_media":3743,"comment_status":"closed","ping_status":"closed","sticky":false,"template":"","format":"standard","meta":{"_joinchat":[],"footnotes":""},"categories":[4],"tags":[],"class_list":["post-3742","post","type-post","status-publish","format-standard","has-post-thumbnail","hentry","category-politicas-publicas"],"_links":{"self":[{"href":"https:\/\/www.elpolitologoyelpolitico.com.ar\/wordpress\/wp-json\/wp\/v2\/posts\/3742","targetHints":{"allow":["GET"]}}],"collection":[{"href":"https:\/\/www.elpolitologoyelpolitico.com.ar\/wordpress\/wp-json\/wp\/v2\/posts"}],"about":[{"href":"https:\/\/www.elpolitologoyelpolitico.com.ar\/wordpress\/wp-json\/wp\/v2\/types\/post"}],"author":[{"embeddable":true,"href":"https:\/\/www.elpolitologoyelpolitico.com.ar\/wordpress\/wp-json\/wp\/v2\/users\/4"}],"replies":[{"embeddable":true,"href":"https:\/\/www.elpolitologoyelpolitico.com.ar\/wordpress\/wp-json\/wp\/v2\/comments?post=3742"}],"version-history":[{"count":0,"href":"https:\/\/www.elpolitologoyelpolitico.com.ar\/wordpress\/wp-json\/wp\/v2\/posts\/3742\/revisions"}],"wp:featuredmedia":[{"embeddable":true,"href":"https:\/\/www.elpolitologoyelpolitico.com.ar\/wordpress\/wp-json\/wp\/v2\/media\/3743"}],"wp:attachment":[{"href":"https:\/\/www.elpolitologoyelpolitico.com.ar\/wordpress\/wp-json\/wp\/v2\/media?parent=3742"}],"wp:term":[{"taxonomy":"category","embeddable":true,"href":"https:\/\/www.elpolitologoyelpolitico.com.ar\/wordpress\/wp-json\/wp\/v2\/categories?post=3742"},{"taxonomy":"post_tag","embeddable":true,"href":"https:\/\/www.elpolitologoyelpolitico.com.ar\/wordpress\/wp-json\/wp\/v2\/tags?post=3742"}],"curies":[{"name":"wp","href":"https:\/\/api.w.org\/{rel}","templated":true}]}}