{"id":3698,"date":"2021-06-02T02:31:33","date_gmt":"2021-06-02T02:31:33","guid":{"rendered":"https:\/\/www.elpolitologoyelpolitico.com.ar\/wordpress\/?p=3698"},"modified":"2021-06-02T02:33:41","modified_gmt":"2021-06-02T02:33:41","slug":"vacunaran-a-personas-de-entre-50-y-59-anos-sin-factores-de-riesgo","status":"publish","type":"post","link":"https:\/\/www.elpolitologoyelpolitico.com.ar\/wordpress\/2021\/06\/02\/vacunaran-a-personas-de-entre-50-y-59-anos-sin-factores-de-riesgo\/","title":{"rendered":"Vacunar\u00e1n a personas de entre 50 y 59 a\u00f1os sin factores de riesgo"},"content":{"rendered":"\t\t<div data-elementor-type=\"wp-post\" data-elementor-id=\"3698\" class=\"elementor elementor-3698\">\n\t\t\t\t\t\t<section class=\"elementor-section elementor-top-section elementor-element elementor-element-11db25b1 elementor-section-boxed elementor-section-height-default elementor-section-height-default\" data-id=\"11db25b1\" data-element_type=\"section\" data-e-type=\"section\">\n\t\t\t\t\t\t<div class=\"elementor-container elementor-column-gap-default\">\n\t\t\t\t\t<div class=\"elementor-column elementor-col-100 elementor-top-column elementor-element elementor-element-4ca8bfe7\" data-id=\"4ca8bfe7\" data-element_type=\"column\" data-e-type=\"column\">\n\t\t\t<div class=\"elementor-widget-wrap elementor-element-populated\">\n\t\t\t\t\t\t<div class=\"elementor-element elementor-element-42b095a elementor-widget elementor-widget-text-editor\" data-id=\"42b095a\" data-element_type=\"widget\" data-e-type=\"widget\" data-widget_type=\"text-editor.default\">\n\t\t\t\t<div class=\"elementor-widget-container\">\n\t\t\t\t\t\t\t\t\t\n<h2 class=\"wp-block-heading\"><strong>Desde ma\u00f1ana (mi\u00e9rcoles 2) se podr\u00e1n inscribir en el sistema de vacunaci\u00f3n todas las personas de entre 50 y 59 a\u00f1os de edad que no presenten factores de riesgo y deseen recibir una dosis contra el COVID-19. As\u00ed lo confirm\u00f3 la Gobernadora, Arabela Carreras.<\/strong><\/h2>\n\n\n\n<p>El jueves 3 llegar\u00e1n a la provincia 33.600 dosis de Astrazeneca, de las cuales 27.000 se destinar\u00e1n el este sector. Los interesados podr\u00e1n inscribirse en&nbsp;<a href=\"http:\/\/vacunate.rionegro.gov.ar\/\">http:\/\/vacunate.rionegro.gov.ar<\/a>.<\/p>\n\n\n\n<p>Quienes se inscriban y manifiesten su voluntad de vacunarse, recibir\u00e1n un llamado telef\u00f3nico donde se informar\u00e1n los detalles del turno designado para recibir la dosis. La vacunaci\u00f3n comenzar\u00e1 el pr\u00f3ximo lunes 7.<\/p>\n\n\n\n<p>\u201cEs importante que podamos avanzar en la vacunaci\u00f3n a este sector de la poblaci\u00f3n, teniendo en cuenta que ya vacunamos al 60% de las personas con factores de riesgo\u201d, explic\u00f3 Carreras.<\/p>\n\t\t\t\t\t\t\t\t<\/div>\n\t\t\t\t<\/div>\n\t\t\t\t\t<\/div>\n\t\t<\/div>\n\t\t\t\t\t<\/div>\n\t\t<\/section>\n\t\t\t\t<\/div>\n\t\t<div class=\"fb-background-color\">\n\t\t\t  <div \n\t\t\t  \tclass = \"fb-comments\" \n\t\t\t  \tdata-href = \"https:\/\/www.elpolitologoyelpolitico.com.ar\/wordpress\/2021\/06\/02\/vacunaran-a-personas-de-entre-50-y-59-anos-sin-factores-de-riesgo\/\"\n\t\t\t  \tdata-numposts = \"10\"\n\t\t\t  \tdata-lazy = \"true\"\n\t\t\t\tdata-colorscheme = \"light\"\n\t\t\t\tdata-order-by = \"social\"\n\t\t\t\tdata-mobile=true>\n\t\t\t  <\/div><\/div>\n\t\t  <style>\n\t\t    .fb-background-color {\n\t\t\t\tbackground: #ffffff !important;\n\t\t\t}\n\t\t\t.fb_iframe_widget_fluid_desktop iframe {\n\t\t\t    width: 100% !important;\n\t\t\t}\n\t\t  <\/style>\n\t\t  ","protected":false},"excerpt":{"rendered":"<p>Desde ma\u00f1ana (mi\u00e9rcoles 2) se podr\u00e1n inscribir en el sistema de vacunaci\u00f3n todas las personas de entre 50 y 59 a\u00f1os de edad que no presenten factores de riesgo y deseen recibir una dosis contra el COVID-19. As\u00ed lo confirm\u00f3 la Gobernadora, Arabela Carreras. El jueves 3 llegar\u00e1n a la provincia 33.600 dosis de Astrazeneca, [&hellip;]<\/p>\n","protected":false},"author":4,"featured_media":3699,"comment_status":"closed","ping_status":"closed","sticky":false,"template":"","format":"standard","meta":{"_joinchat":[],"footnotes":""},"categories":[4],"tags":[],"class_list":["post-3698","post","type-post","status-publish","format-standard","has-post-thumbnail","hentry","category-politicas-publicas"],"_links":{"self":[{"href":"https:\/\/www.elpolitologoyelpolitico.com.ar\/wordpress\/wp-json\/wp\/v2\/posts\/3698","targetHints":{"allow":["GET"]}}],"collection":[{"href":"https:\/\/www.elpolitologoyelpolitico.com.ar\/wordpress\/wp-json\/wp\/v2\/posts"}],"about":[{"href":"https:\/\/www.elpolitologoyelpolitico.com.ar\/wordpress\/wp-json\/wp\/v2\/types\/post"}],"author":[{"embeddable":true,"href":"https:\/\/www.elpolitologoyelpolitico.com.ar\/wordpress\/wp-json\/wp\/v2\/users\/4"}],"replies":[{"embeddable":true,"href":"https:\/\/www.elpolitologoyelpolitico.com.ar\/wordpress\/wp-json\/wp\/v2\/comments?post=3698"}],"version-history":[{"count":0,"href":"https:\/\/www.elpolitologoyelpolitico.com.ar\/wordpress\/wp-json\/wp\/v2\/posts\/3698\/revisions"}],"wp:featuredmedia":[{"embeddable":true,"href":"https:\/\/www.elpolitologoyelpolitico.com.ar\/wordpress\/wp-json\/wp\/v2\/media\/3699"}],"wp:attachment":[{"href":"https:\/\/www.elpolitologoyelpolitico.com.ar\/wordpress\/wp-json\/wp\/v2\/media?parent=3698"}],"wp:term":[{"taxonomy":"category","embeddable":true,"href":"https:\/\/www.elpolitologoyelpolitico.com.ar\/wordpress\/wp-json\/wp\/v2\/categories?post=3698"},{"taxonomy":"post_tag","embeddable":true,"href":"https:\/\/www.elpolitologoyelpolitico.com.ar\/wordpress\/wp-json\/wp\/v2\/tags?post=3698"}],"curies":[{"name":"wp","href":"https:\/\/api.w.org\/{rel}","templated":true}]}}