{"id":3692,"date":"2021-06-02T02:24:52","date_gmt":"2021-06-02T02:24:52","guid":{"rendered":"https:\/\/www.elpolitologoyelpolitico.com.ar\/wordpress\/?p=3692"},"modified":"2021-06-02T02:25:14","modified_gmt":"2021-06-02T02:25:14","slug":"abren-las-inscripciones-para-la-diplomatura-en-seguridad-y-salud-ocupacional","status":"publish","type":"post","link":"https:\/\/www.elpolitologoyelpolitico.com.ar\/wordpress\/2021\/06\/02\/abren-las-inscripciones-para-la-diplomatura-en-seguridad-y-salud-ocupacional\/","title":{"rendered":"Abren las inscripciones para la Diplomatura en seguridad y salud ocupacional"},"content":{"rendered":"\t\t<div data-elementor-type=\"wp-post\" data-elementor-id=\"3692\" class=\"elementor elementor-3692\">\n\t\t\t\t\t\t<section class=\"elementor-section elementor-top-section elementor-element elementor-element-30da646f elementor-section-boxed elementor-section-height-default elementor-section-height-default\" data-id=\"30da646f\" data-element_type=\"section\" data-e-type=\"section\">\n\t\t\t\t\t\t<div class=\"elementor-container elementor-column-gap-default\">\n\t\t\t\t\t<div class=\"elementor-column elementor-col-100 elementor-top-column elementor-element elementor-element-3c4ad6aa\" data-id=\"3c4ad6aa\" data-element_type=\"column\" data-e-type=\"column\">\n\t\t\t<div class=\"elementor-widget-wrap elementor-element-populated\">\n\t\t\t\t\t\t<div class=\"elementor-element elementor-element-5fb6d2c9 elementor-widget elementor-widget-text-editor\" data-id=\"5fb6d2c9\" data-element_type=\"widget\" data-e-type=\"widget\" data-widget_type=\"text-editor.default\">\n\t\t\t\t<div class=\"elementor-widget-container\">\n\t\t\t\t\t\t\t\t\t\n<p>La Subsecretar\u00eda de Recursos Humanos informa que est\u00e1n abiertas las&nbsp; inscripciones para la Diplomatura en Seguridad y Salud Ocupacional, para agentes municipales, a partir del convenio firmado por el Intendente, Jos\u00e9 Luis&nbsp; Zara y el Instituto de Capacitaci\u00f3n Municipal, del Municipio de Lan\u00fas.<\/p>\n\n\n\n<p>Las clases inician el jueves, 17 de junio, en el horario de 12 a 14, bajo modalidad virtual.&nbsp;<\/p>\n\n\n\n<p>La capacitaci\u00f3n consta de 11 m\u00f3dulos (198 horas) para obtener la Diplomatura, pero, adem\u00e1s, tiene instancias intermedias, donde -cumpliendo con determinados m\u00f3dulos- los agentes pueden acceder a certificaciones intermedias.<\/p>\n\n\n\n<p>Son requisitos: tener titulo secundario, ser agentes municipales, jubilados municipales o familiares directos de activos, mayores de 16 a\u00f1os. Esta Diplomatura es una oportunidad de formaci\u00f3n en aspectos&nbsp; relacionados con el estudio y prevenci\u00f3n, en temas de seguridad y salud ocupacional.<\/p>\n\t\t\t\t\t\t\t\t<\/div>\n\t\t\t\t<\/div>\n\t\t\t\t\t<\/div>\n\t\t<\/div>\n\t\t\t\t\t<\/div>\n\t\t<\/section>\n\t\t\t\t<\/div>\n\t\t<div class=\"fb-background-color\">\n\t\t\t  <div \n\t\t\t  \tclass = \"fb-comments\" \n\t\t\t  \tdata-href = \"https:\/\/www.elpolitologoyelpolitico.com.ar\/wordpress\/2021\/06\/02\/abren-las-inscripciones-para-la-diplomatura-en-seguridad-y-salud-ocupacional\/\"\n\t\t\t  \tdata-numposts = \"10\"\n\t\t\t  \tdata-lazy = \"true\"\n\t\t\t\tdata-colorscheme = \"light\"\n\t\t\t\tdata-order-by = \"social\"\n\t\t\t\tdata-mobile=true>\n\t\t\t  <\/div><\/div>\n\t\t  <style>\n\t\t    .fb-background-color {\n\t\t\t\tbackground: #ffffff !important;\n\t\t\t}\n\t\t\t.fb_iframe_widget_fluid_desktop iframe {\n\t\t\t    width: 100% !important;\n\t\t\t}\n\t\t  <\/style>\n\t\t  ","protected":false},"excerpt":{"rendered":"<p>La Subsecretar\u00eda de Recursos Humanos informa que est\u00e1n abiertas las&nbsp; inscripciones para la Diplomatura en Seguridad y Salud Ocupacional, para agentes municipales, a partir del convenio firmado por el Intendente, Jos\u00e9 Luis&nbsp; Zara y el Instituto de Capacitaci\u00f3n Municipal, del Municipio de Lan\u00fas. Las clases inician el jueves, 17 de junio, en el horario de [&hellip;]<\/p>\n","protected":false},"author":4,"featured_media":3693,"comment_status":"closed","ping_status":"closed","sticky":false,"template":"","format":"standard","meta":{"_joinchat":[],"footnotes":""},"categories":[39],"tags":[],"class_list":["post-3692","post","type-post","status-publish","format-standard","has-post-thumbnail","hentry","category-en-esta-seccion"],"_links":{"self":[{"href":"https:\/\/www.elpolitologoyelpolitico.com.ar\/wordpress\/wp-json\/wp\/v2\/posts\/3692","targetHints":{"allow":["GET"]}}],"collection":[{"href":"https:\/\/www.elpolitologoyelpolitico.com.ar\/wordpress\/wp-json\/wp\/v2\/posts"}],"about":[{"href":"https:\/\/www.elpolitologoyelpolitico.com.ar\/wordpress\/wp-json\/wp\/v2\/types\/post"}],"author":[{"embeddable":true,"href":"https:\/\/www.elpolitologoyelpolitico.com.ar\/wordpress\/wp-json\/wp\/v2\/users\/4"}],"replies":[{"embeddable":true,"href":"https:\/\/www.elpolitologoyelpolitico.com.ar\/wordpress\/wp-json\/wp\/v2\/comments?post=3692"}],"version-history":[{"count":0,"href":"https:\/\/www.elpolitologoyelpolitico.com.ar\/wordpress\/wp-json\/wp\/v2\/posts\/3692\/revisions"}],"wp:featuredmedia":[{"embeddable":true,"href":"https:\/\/www.elpolitologoyelpolitico.com.ar\/wordpress\/wp-json\/wp\/v2\/media\/3693"}],"wp:attachment":[{"href":"https:\/\/www.elpolitologoyelpolitico.com.ar\/wordpress\/wp-json\/wp\/v2\/media?parent=3692"}],"wp:term":[{"taxonomy":"category","embeddable":true,"href":"https:\/\/www.elpolitologoyelpolitico.com.ar\/wordpress\/wp-json\/wp\/v2\/categories?post=3692"},{"taxonomy":"post_tag","embeddable":true,"href":"https:\/\/www.elpolitologoyelpolitico.com.ar\/wordpress\/wp-json\/wp\/v2\/tags?post=3692"}],"curies":[{"name":"wp","href":"https:\/\/api.w.org\/{rel}","templated":true}]}}