{"id":3683,"date":"2021-06-02T02:13:56","date_gmt":"2021-06-02T02:13:56","guid":{"rendered":"https:\/\/www.elpolitologoyelpolitico.com.ar\/wordpress\/?p=3683"},"modified":"2021-06-02T02:14:23","modified_gmt":"2021-06-02T02:14:23","slug":"zara-acompano-la-renovacion-de-autoridades-de-la-policia-comunal-y-de-la-estacion-comunal-de-carmen-de-patagones","status":"publish","type":"post","link":"https:\/\/www.elpolitologoyelpolitico.com.ar\/wordpress\/2021\/06\/02\/zara-acompano-la-renovacion-de-autoridades-de-la-policia-comunal-y-de-la-estacion-comunal-de-carmen-de-patagones\/","title":{"rendered":"Zara acompa\u00f1\u00f3 la renovaci\u00f3n de autoridades de la Polic\u00eda comunal y de la Estaci\u00f3n Comunal de Carmen de Patagones"},"content":{"rendered":"\t\t<div data-elementor-type=\"wp-post\" data-elementor-id=\"3683\" class=\"elementor elementor-3683\">\n\t\t\t\t\t\t<section class=\"elementor-section elementor-top-section elementor-element elementor-element-2aa50bd9 elementor-section-boxed elementor-section-height-default elementor-section-height-default\" data-id=\"2aa50bd9\" data-element_type=\"section\" data-e-type=\"section\">\n\t\t\t\t\t\t<div class=\"elementor-container elementor-column-gap-default\">\n\t\t\t\t\t<div class=\"elementor-column elementor-col-100 elementor-top-column elementor-element elementor-element-131cab5\" data-id=\"131cab5\" data-element_type=\"column\" data-e-type=\"column\">\n\t\t\t<div class=\"elementor-widget-wrap elementor-element-populated\">\n\t\t\t\t\t\t<div class=\"elementor-element elementor-element-12dfe56c elementor-widget elementor-widget-text-editor\" data-id=\"12dfe56c\" data-element_type=\"widget\" data-e-type=\"widget\" data-widget_type=\"text-editor.default\">\n\t\t\t\t<div class=\"elementor-widget-container\">\n\t\t\t\t\t\t\t\t\t\n<p>El Intendente Municipal, Ing. Jos\u00e9 Luis Zara, junto al Subsecretario de Seguridad Ciudadana, Lic. Sandro Pino, y al Jefe de Gabinete, Fabio Bettinelli, particip\u00f3 esta ma\u00f1ana del acto de asunci\u00f3n de las nuevas autoridades de la Polic\u00eda Comunal y de la Estaci\u00f3n Comunal de Carmen de Patagones.<\/p>\n\n\n\n<p>En la oportunidad, el jefe comunal agradeci\u00f3 el compromiso y predisposici\u00f3n del saliente jefe de la Polic\u00eda Comunal, Gustavo Mart\u00edn: \u201cAgradezco el trabajo en conjunto que hemos llevado adelante, siempre en equipo, con Sandro Pino, siempre a disposici\u00f3n, en cualquier horario\u201d.<\/p>\n\n\n\n<p>Asimismo, expres\u00f3 sus felicitaciones al nuevo Comisario, Javier Gallardi y augur\u00f3: \u201cVamos a seguir trabajando de la misma manera\u201d.<\/p>\n\n\n\n<p>La \u00fanica manera de ir hacia la prevenci\u00f3n es el trabajo en equipo. Siempre, desde que asum\u00ed, estamos trabajando para que haya m\u00e1s seguridad en en Partido de Patagones\u201d.<\/p>\n\n\n\n<p>De la misma manera, salud\u00f3 a Sebasti\u00e1n Gatti, quien se har\u00e1 cargo de la Estaci\u00f3n Comunal de la ciudad cabecera.<\/p>\n\n\n\n<p>Cabe destacar que el ex jefe de la Polic\u00eda Comunal, Gustavo Mart\u00edn, asume en los pr\u00f3ximos d\u00edas como coordinador de seguridad del Partido de Patagones y de Villarino.<\/p>\n\n\n\n<figure class=\"wp-block-gallery columns-3 is-cropped wp-block-gallery-2 is-layout-flex wp-block-gallery-is-layout-flex\"><ul class=\"blocks-gallery-grid\"><li class=\"blocks-gallery-item\"><figure><img fetchpriority=\"high\" decoding=\"async\" width=\"1024\" height=\"474\" src=\"https:\/\/www.elpolitologoyelpolitico.com.ar\/wp-content\/uploads\/2021\/06\/WhatsApp-Image-2021-06-01-at-10.57.26-PM-2-1024x474.jpeg\" alt=\"\" data-id=\"3685\" data-full-url=\"https:\/\/www.elpolitologoyelpolitico.com.ar\/wp-content\/uploads\/2021\/06\/WhatsApp-Image-2021-06-01-at-10.57.26-PM-2.jpeg\" data-link=\"https:\/\/www.elpolitologoyelpolitico.com.ar\/wordpress\/?attachment_id=3685\" class=\"wp-image-3685\" srcset=\"https:\/\/www.elpolitologoyelpolitico.com.ar\/wp-content\/uploads\/2021\/06\/WhatsApp-Image-2021-06-01-at-10.57.26-PM-2-1024x474.jpeg 1024w, https:\/\/www.elpolitologoyelpolitico.com.ar\/wp-content\/uploads\/2021\/06\/WhatsApp-Image-2021-06-01-at-10.57.26-PM-2-300x139.jpeg 300w, https:\/\/www.elpolitologoyelpolitico.com.ar\/wp-content\/uploads\/2021\/06\/WhatsApp-Image-2021-06-01-at-10.57.26-PM-2-768x355.jpeg 768w, https:\/\/www.elpolitologoyelpolitico.com.ar\/wp-content\/uploads\/2021\/06\/WhatsApp-Image-2021-06-01-at-10.57.26-PM-2.jpeg 1280w\" sizes=\"(max-width: 1024px) 100vw, 1024px\" \/><\/figure><\/li><li class=\"blocks-gallery-item\"><figure><img decoding=\"async\" width=\"1024\" height=\"474\" src=\"https:\/\/www.elpolitologoyelpolitico.com.ar\/wp-content\/uploads\/2021\/06\/WhatsApp-Image-2021-06-01-at-10.57.26-PM-1-1024x474.jpeg\" alt=\"\" data-id=\"3686\" data-full-url=\"https:\/\/www.elpolitologoyelpolitico.com.ar\/wp-content\/uploads\/2021\/06\/WhatsApp-Image-2021-06-01-at-10.57.26-PM-1.jpeg\" data-link=\"https:\/\/www.elpolitologoyelpolitico.com.ar\/wordpress\/?attachment_id=3686\" class=\"wp-image-3686\" srcset=\"https:\/\/www.elpolitologoyelpolitico.com.ar\/wp-content\/uploads\/2021\/06\/WhatsApp-Image-2021-06-01-at-10.57.26-PM-1-1024x474.jpeg 1024w, https:\/\/www.elpolitologoyelpolitico.com.ar\/wp-content\/uploads\/2021\/06\/WhatsApp-Image-2021-06-01-at-10.57.26-PM-1-300x139.jpeg 300w, https:\/\/www.elpolitologoyelpolitico.com.ar\/wp-content\/uploads\/2021\/06\/WhatsApp-Image-2021-06-01-at-10.57.26-PM-1-768x355.jpeg 768w, https:\/\/www.elpolitologoyelpolitico.com.ar\/wp-content\/uploads\/2021\/06\/WhatsApp-Image-2021-06-01-at-10.57.26-PM-1.jpeg 1280w\" sizes=\"(max-width: 1024px) 100vw, 1024px\" \/><\/figure><\/li><li class=\"blocks-gallery-item\"><figure><img decoding=\"async\" width=\"1024\" height=\"474\" src=\"https:\/\/www.elpolitologoyelpolitico.com.ar\/wp-content\/uploads\/2021\/06\/WhatsApp-Image-2021-06-01-at-10.57.26-PM-1024x474.jpeg\" alt=\"\" data-id=\"3687\" data-full-url=\"https:\/\/www.elpolitologoyelpolitico.com.ar\/wp-content\/uploads\/2021\/06\/WhatsApp-Image-2021-06-01-at-10.57.26-PM.jpeg\" data-link=\"https:\/\/www.elpolitologoyelpolitico.com.ar\/wordpress\/?attachment_id=3687\" class=\"wp-image-3687\" srcset=\"https:\/\/www.elpolitologoyelpolitico.com.ar\/wp-content\/uploads\/2021\/06\/WhatsApp-Image-2021-06-01-at-10.57.26-PM-1024x474.jpeg 1024w, https:\/\/www.elpolitologoyelpolitico.com.ar\/wp-content\/uploads\/2021\/06\/WhatsApp-Image-2021-06-01-at-10.57.26-PM-300x139.jpeg 300w, https:\/\/www.elpolitologoyelpolitico.com.ar\/wp-content\/uploads\/2021\/06\/WhatsApp-Image-2021-06-01-at-10.57.26-PM-768x355.jpeg 768w, https:\/\/www.elpolitologoyelpolitico.com.ar\/wp-content\/uploads\/2021\/06\/WhatsApp-Image-2021-06-01-at-10.57.26-PM.jpeg 1280w\" sizes=\"(max-width: 1024px) 100vw, 1024px\" \/><\/figure><\/li><\/ul><\/figure>\n\t\t\t\t\t\t\t\t<\/div>\n\t\t\t\t<\/div>\n\t\t\t\t\t<\/div>\n\t\t<\/div>\n\t\t\t\t\t<\/div>\n\t\t<\/section>\n\t\t\t\t<\/div>\n\t\t<div class=\"fb-background-color\">\n\t\t\t  <div \n\t\t\t  \tclass = \"fb-comments\" \n\t\t\t  \tdata-href = \"https:\/\/www.elpolitologoyelpolitico.com.ar\/wordpress\/2021\/06\/02\/zara-acompano-la-renovacion-de-autoridades-de-la-policia-comunal-y-de-la-estacion-comunal-de-carmen-de-patagones\/\"\n\t\t\t  \tdata-numposts = \"10\"\n\t\t\t  \tdata-lazy = \"true\"\n\t\t\t\tdata-colorscheme = \"light\"\n\t\t\t\tdata-order-by = \"social\"\n\t\t\t\tdata-mobile=true>\n\t\t\t  <\/div><\/div>\n\t\t  <style>\n\t\t    .fb-background-color {\n\t\t\t\tbackground: #ffffff !important;\n\t\t\t}\n\t\t\t.fb_iframe_widget_fluid_desktop iframe {\n\t\t\t    width: 100% !important;\n\t\t\t}\n\t\t  <\/style>\n\t\t  ","protected":false},"excerpt":{"rendered":"<p>El Intendente Municipal, Ing. Jos\u00e9 Luis Zara, junto al Subsecretario de Seguridad Ciudadana, Lic. Sandro Pino, y al Jefe de Gabinete, Fabio Bettinelli, particip\u00f3 esta ma\u00f1ana del acto de asunci\u00f3n de las nuevas autoridades de la Polic\u00eda Comunal y de la Estaci\u00f3n Comunal de Carmen de Patagones. En la oportunidad, el jefe comunal agradeci\u00f3 el [&hellip;]<\/p>\n","protected":false},"author":4,"featured_media":3684,"comment_status":"closed","ping_status":"closed","sticky":false,"template":"","format":"standard","meta":{"_joinchat":[],"footnotes":""},"categories":[39],"tags":[],"class_list":["post-3683","post","type-post","status-publish","format-standard","has-post-thumbnail","hentry","category-en-esta-seccion"],"_links":{"self":[{"href":"https:\/\/www.elpolitologoyelpolitico.com.ar\/wordpress\/wp-json\/wp\/v2\/posts\/3683","targetHints":{"allow":["GET"]}}],"collection":[{"href":"https:\/\/www.elpolitologoyelpolitico.com.ar\/wordpress\/wp-json\/wp\/v2\/posts"}],"about":[{"href":"https:\/\/www.elpolitologoyelpolitico.com.ar\/wordpress\/wp-json\/wp\/v2\/types\/post"}],"author":[{"embeddable":true,"href":"https:\/\/www.elpolitologoyelpolitico.com.ar\/wordpress\/wp-json\/wp\/v2\/users\/4"}],"replies":[{"embeddable":true,"href":"https:\/\/www.elpolitologoyelpolitico.com.ar\/wordpress\/wp-json\/wp\/v2\/comments?post=3683"}],"version-history":[{"count":0,"href":"https:\/\/www.elpolitologoyelpolitico.com.ar\/wordpress\/wp-json\/wp\/v2\/posts\/3683\/revisions"}],"wp:featuredmedia":[{"embeddable":true,"href":"https:\/\/www.elpolitologoyelpolitico.com.ar\/wordpress\/wp-json\/wp\/v2\/media\/3684"}],"wp:attachment":[{"href":"https:\/\/www.elpolitologoyelpolitico.com.ar\/wordpress\/wp-json\/wp\/v2\/media?parent=3683"}],"wp:term":[{"taxonomy":"category","embeddable":true,"href":"https:\/\/www.elpolitologoyelpolitico.com.ar\/wordpress\/wp-json\/wp\/v2\/categories?post=3683"},{"taxonomy":"post_tag","embeddable":true,"href":"https:\/\/www.elpolitologoyelpolitico.com.ar\/wordpress\/wp-json\/wp\/v2\/tags?post=3683"}],"curies":[{"name":"wp","href":"https:\/\/api.w.org\/{rel}","templated":true}]}}