{"id":3677,"date":"2021-06-02T02:03:16","date_gmt":"2021-06-02T02:03:16","guid":{"rendered":"https:\/\/www.elpolitologoyelpolitico.com.ar\/wordpress\/?p=3677"},"modified":"2021-06-02T02:04:32","modified_gmt":"2021-06-02T02:04:32","slug":"estamos-con-una-pandemia-muy-fuerte-peor-que-el-ano-pasado","status":"publish","type":"post","link":"https:\/\/www.elpolitologoyelpolitico.com.ar\/wordpress\/2021\/06\/02\/estamos-con-una-pandemia-muy-fuerte-peor-que-el-ano-pasado\/","title":{"rendered":"\u201cEstamos con una pandemia muy fuerte peor que el a\u00f1o pasado\u201d"},"content":{"rendered":"\t\t<div data-elementor-type=\"wp-post\" data-elementor-id=\"3677\" class=\"elementor elementor-3677\">\n\t\t\t\t\t\t<section class=\"elementor-section elementor-top-section elementor-element elementor-element-7a852682 elementor-section-boxed elementor-section-height-default elementor-section-height-default\" data-id=\"7a852682\" data-element_type=\"section\" data-e-type=\"section\">\n\t\t\t\t\t\t<div class=\"elementor-container elementor-column-gap-default\">\n\t\t\t\t\t<div class=\"elementor-column elementor-col-100 elementor-top-column elementor-element elementor-element-1299a41\" data-id=\"1299a41\" data-element_type=\"column\" data-e-type=\"column\">\n\t\t\t<div class=\"elementor-widget-wrap elementor-element-populated\">\n\t\t\t\t\t\t<div class=\"elementor-element elementor-element-3ce58235 elementor-widget elementor-widget-text-editor\" data-id=\"3ce58235\" data-element_type=\"widget\" data-e-type=\"widget\" data-widget_type=\"text-editor.default\">\n\t\t\t\t<div class=\"elementor-widget-container\">\n\t\t\t\t\t\t\t\t\t\n<p>El concejal Marcelo Honcharuk expres\u00f3 lo tratado en la sesi\u00f3n del Concejo Deliberante \u201cEn la reuni\u00f3n se logr\u00f3 aprobar por unanimidad la rendici\u00f3n de cuentas correspondiente al a\u00f1o pasado\u201d y agreg\u00f3 \u201cLas pr\u00f3ximas sesiones ser\u00e1n virtuales\u201d.<\/p>\n\n\n\n<p>Honcharuk manifest\u00f3 \u201cDespu\u00e9s de la sesi\u00f3n tuvimos una reuni\u00f3n virtual con el intendente porque ten\u00edamos varios casos puntuales, sobre todo en el \u00e1rea de salud por la situaci\u00f3n con los enfermeros del hospital\u201d<\/p>\n\n\n\n<p>Por otra parte sostuvo \u201cMas all\u00e1 de la diferencia abismal que hay con los salarios de Viedma, yo estoy convencido que hay que recomponer las relaciones humanas y esto se hace&nbsp; con un contacto directo entre el intendente y los empleados\u201d.<\/p>\n\n\n\n<p>Asimismo expres\u00f3 su preocupaci\u00f3n por lo sucedido en el hospital \u201cEstamos con una pandemia muy fuerte peor que el a\u00f1o pasado y justamente que perdamos el recurso humano es lamentable y hay que buscar los mecanismos para que esto se resuelva\u201d Desde el nuevo espacio pol\u00edtico que conform\u00f3 con Fabricio Olego, el Concejal indic\u00f3 \u201cMe vengo reuniendo con el Doctor y trabajamos en distintos proyectos como es el caso de los comerciantes que est\u00e1n pasando un momento dif\u00edcil\u201d.<\/p>\n\t\t\t\t\t\t\t\t<\/div>\n\t\t\t\t<\/div>\n\t\t\t\t\t<\/div>\n\t\t<\/div>\n\t\t\t\t\t<\/div>\n\t\t<\/section>\n\t\t\t\t<\/div>\n\t\t<div class=\"fb-background-color\">\n\t\t\t  <div \n\t\t\t  \tclass = \"fb-comments\" \n\t\t\t  \tdata-href = \"https:\/\/www.elpolitologoyelpolitico.com.ar\/wordpress\/2021\/06\/02\/estamos-con-una-pandemia-muy-fuerte-peor-que-el-ano-pasado\/\"\n\t\t\t  \tdata-numposts = \"10\"\n\t\t\t  \tdata-lazy = \"true\"\n\t\t\t\tdata-colorscheme = \"light\"\n\t\t\t\tdata-order-by = \"social\"\n\t\t\t\tdata-mobile=true>\n\t\t\t  <\/div><\/div>\n\t\t  <style>\n\t\t    .fb-background-color {\n\t\t\t\tbackground: #ffffff !important;\n\t\t\t}\n\t\t\t.fb_iframe_widget_fluid_desktop iframe {\n\t\t\t    width: 100% !important;\n\t\t\t}\n\t\t  <\/style>\n\t\t  ","protected":false},"excerpt":{"rendered":"<p>El concejal Marcelo Honcharuk expres\u00f3 lo tratado en la sesi\u00f3n del Concejo Deliberante \u201cEn la reuni\u00f3n se logr\u00f3 aprobar por unanimidad la rendici\u00f3n de cuentas correspondiente al a\u00f1o pasado\u201d y agreg\u00f3 \u201cLas pr\u00f3ximas sesiones ser\u00e1n virtuales\u201d. Honcharuk manifest\u00f3 \u201cDespu\u00e9s de la sesi\u00f3n tuvimos una reuni\u00f3n virtual con el intendente porque ten\u00edamos varios casos puntuales, sobre [&hellip;]<\/p>\n","protected":false},"author":4,"featured_media":3678,"comment_status":"closed","ping_status":"closed","sticky":false,"template":"","format":"standard","meta":{"_joinchat":[],"footnotes":""},"categories":[4],"tags":[],"class_list":["post-3677","post","type-post","status-publish","format-standard","has-post-thumbnail","hentry","category-politicas-publicas"],"_links":{"self":[{"href":"https:\/\/www.elpolitologoyelpolitico.com.ar\/wordpress\/wp-json\/wp\/v2\/posts\/3677","targetHints":{"allow":["GET"]}}],"collection":[{"href":"https:\/\/www.elpolitologoyelpolitico.com.ar\/wordpress\/wp-json\/wp\/v2\/posts"}],"about":[{"href":"https:\/\/www.elpolitologoyelpolitico.com.ar\/wordpress\/wp-json\/wp\/v2\/types\/post"}],"author":[{"embeddable":true,"href":"https:\/\/www.elpolitologoyelpolitico.com.ar\/wordpress\/wp-json\/wp\/v2\/users\/4"}],"replies":[{"embeddable":true,"href":"https:\/\/www.elpolitologoyelpolitico.com.ar\/wordpress\/wp-json\/wp\/v2\/comments?post=3677"}],"version-history":[{"count":0,"href":"https:\/\/www.elpolitologoyelpolitico.com.ar\/wordpress\/wp-json\/wp\/v2\/posts\/3677\/revisions"}],"wp:featuredmedia":[{"embeddable":true,"href":"https:\/\/www.elpolitologoyelpolitico.com.ar\/wordpress\/wp-json\/wp\/v2\/media\/3678"}],"wp:attachment":[{"href":"https:\/\/www.elpolitologoyelpolitico.com.ar\/wordpress\/wp-json\/wp\/v2\/media?parent=3677"}],"wp:term":[{"taxonomy":"category","embeddable":true,"href":"https:\/\/www.elpolitologoyelpolitico.com.ar\/wordpress\/wp-json\/wp\/v2\/categories?post=3677"},{"taxonomy":"post_tag","embeddable":true,"href":"https:\/\/www.elpolitologoyelpolitico.com.ar\/wordpress\/wp-json\/wp\/v2\/tags?post=3677"}],"curies":[{"name":"wp","href":"https:\/\/api.w.org\/{rel}","templated":true}]}}