{"id":36529,"date":"2023-11-30T15:20:15","date_gmt":"2023-11-30T18:20:15","guid":{"rendered":"https:\/\/www.elpolitologoyelpolitico.com.ar\/wordpress\/?p=36529"},"modified":"2023-11-30T15:20:16","modified_gmt":"2023-11-30T18:20:16","slug":"patagones-la-arm-logro-el-recupero-de-mas-de-130-millones-de-pesos-en-tasa-por-servicios-asistenciales","status":"publish","type":"post","link":"https:\/\/www.elpolitologoyelpolitico.com.ar\/wordpress\/2023\/11\/30\/patagones-la-arm-logro-el-recupero-de-mas-de-130-millones-de-pesos-en-tasa-por-servicios-asistenciales\/","title":{"rendered":"PATAGONES: La ARM logr\u00f3 el recupero de m\u00e1s de 130 millones de pesos en tasa por servicios asistenciales"},"content":{"rendered":"\n<p>La Agencia de Recaudaci\u00f3n Municipal inform\u00f3 que, entre los meses de agosto y noviembre del corriente a\u00f1o, se logr\u00f3 un recupero de m\u00e1s de 130 millones de pesos, correspondientes a la Tasa por Servicios Asistenciales.<\/p>\n\n\n\n<p>El monto corresponde a las deudas que distintas obras sociales manten\u00edan con el municipio de Patagones.<\/p>\n\n\n\n<p>Al respecto, la Directora Ejecutiva de la Agencia de Recaudaci\u00f3n Municipal, Dra. Mariana Heredia, precis\u00f3 que de los $131.491.616, 42, un 40 por ciento se destin\u00f3 al salario del personal de salud en beneficio de sus remuneraciones.<\/p>\n<div class=\"fb-background-color\">\n\t\t\t  <div \n\t\t\t  \tclass = \"fb-comments\" \n\t\t\t  \tdata-href = \"https:\/\/www.elpolitologoyelpolitico.com.ar\/wordpress\/2023\/11\/30\/patagones-la-arm-logro-el-recupero-de-mas-de-130-millones-de-pesos-en-tasa-por-servicios-asistenciales\/\"\n\t\t\t  \tdata-numposts = \"10\"\n\t\t\t  \tdata-lazy = \"true\"\n\t\t\t\tdata-colorscheme = \"light\"\n\t\t\t\tdata-order-by = \"social\"\n\t\t\t\tdata-mobile=true>\n\t\t\t  <\/div><\/div>\n\t\t  <style>\n\t\t    .fb-background-color {\n\t\t\t\tbackground: #ffffff !important;\n\t\t\t}\n\t\t\t.fb_iframe_widget_fluid_desktop iframe {\n\t\t\t    width: 100% !important;\n\t\t\t}\n\t\t  <\/style>\n\t\t  ","protected":false},"excerpt":{"rendered":"<p>La Agencia de Recaudaci\u00f3n Municipal inform\u00f3 que, entre los meses de agosto y noviembre del corriente a\u00f1o, se logr\u00f3 un recupero de m\u00e1s de 130 millones de pesos, correspondientes a la Tasa por Servicios Asistenciales. El monto corresponde a las deudas que distintas obras sociales manten\u00edan con el municipio de Patagones. Al respecto, la Directora [&hellip;]<\/p>\n","protected":false},"author":4,"featured_media":36530,"comment_status":"closed","ping_status":"closed","sticky":false,"template":"","format":"standard","meta":{"_joinchat":[],"footnotes":""},"categories":[4],"tags":[],"class_list":["post-36529","post","type-post","status-publish","format-standard","has-post-thumbnail","hentry","category-politicas-publicas"],"_links":{"self":[{"href":"https:\/\/www.elpolitologoyelpolitico.com.ar\/wordpress\/wp-json\/wp\/v2\/posts\/36529","targetHints":{"allow":["GET"]}}],"collection":[{"href":"https:\/\/www.elpolitologoyelpolitico.com.ar\/wordpress\/wp-json\/wp\/v2\/posts"}],"about":[{"href":"https:\/\/www.elpolitologoyelpolitico.com.ar\/wordpress\/wp-json\/wp\/v2\/types\/post"}],"author":[{"embeddable":true,"href":"https:\/\/www.elpolitologoyelpolitico.com.ar\/wordpress\/wp-json\/wp\/v2\/users\/4"}],"replies":[{"embeddable":true,"href":"https:\/\/www.elpolitologoyelpolitico.com.ar\/wordpress\/wp-json\/wp\/v2\/comments?post=36529"}],"version-history":[{"count":1,"href":"https:\/\/www.elpolitologoyelpolitico.com.ar\/wordpress\/wp-json\/wp\/v2\/posts\/36529\/revisions"}],"predecessor-version":[{"id":36531,"href":"https:\/\/www.elpolitologoyelpolitico.com.ar\/wordpress\/wp-json\/wp\/v2\/posts\/36529\/revisions\/36531"}],"wp:featuredmedia":[{"embeddable":true,"href":"https:\/\/www.elpolitologoyelpolitico.com.ar\/wordpress\/wp-json\/wp\/v2\/media\/36530"}],"wp:attachment":[{"href":"https:\/\/www.elpolitologoyelpolitico.com.ar\/wordpress\/wp-json\/wp\/v2\/media?parent=36529"}],"wp:term":[{"taxonomy":"category","embeddable":true,"href":"https:\/\/www.elpolitologoyelpolitico.com.ar\/wordpress\/wp-json\/wp\/v2\/categories?post=36529"},{"taxonomy":"post_tag","embeddable":true,"href":"https:\/\/www.elpolitologoyelpolitico.com.ar\/wordpress\/wp-json\/wp\/v2\/tags?post=36529"}],"curies":[{"name":"wp","href":"https:\/\/api.w.org\/{rel}","templated":true}]}}