{"id":36485,"date":"2023-11-29T13:22:50","date_gmt":"2023-11-29T16:22:50","guid":{"rendered":"https:\/\/www.elpolitologoyelpolitico.com.ar\/wordpress\/?p=36485"},"modified":"2023-11-29T13:22:51","modified_gmt":"2023-11-29T16:22:51","slug":"declaracion-de-la-emergencia-agropecuaria-para-el-distrito-de-patagones","status":"publish","type":"post","link":"https:\/\/www.elpolitologoyelpolitico.com.ar\/wordpress\/2023\/11\/29\/declaracion-de-la-emergencia-agropecuaria-para-el-distrito-de-patagones\/","title":{"rendered":"Declaraci\u00f3n de la emergencia Agropecuaria para el Distrito de Patagones"},"content":{"rendered":"\n<p>Desde la Subsecretar\u00eda de Desarrollo Territorial se informa que se declaro la emergencia y\/o desastre agropecuario para todas las explotaciones agropecuarias del partido de Patagones por el decreto 2157\/2023 desde el 1 de noviembre hasta el 31 de enero del 2024 para el sector agr\u00edcola y hasta el 30 de abril del 2024 para el sector ganadero.<\/p>\n\n\n\n<p>Todos los productores interesados deber\u00e1n realizar la inscripci\u00f3n de manera digital ingresando a la p\u00e1gina del Ministerio de Desarrollo Agrario de la Provincia de Buenos Aires (http\/\/mi.mda.gba.gob.ar\/registrarse). La fecha para la presentaci\u00f3n es hasta el 4 de diciembre del 2023.<\/p>\n\n\n\n<p>Para poder realizar la inscripci\u00f3n se encontrara un instructivo en las sociedades rurales, delegaciones del interior y en la oficina de la Subsecretaria de Desarrollo Territorial.<\/p>\n\n\n\n<p>Para consultas se podr\u00e1n comunicar en las delegaciones del interior, en la subsecretaria de desarrollo territorial o a trav\u00e9s del email sdtpatagones@gmail.com y celular 2920-373334.<\/p>\n\n\n\n<figure class=\"wp-block-image size-full\"><img fetchpriority=\"high\" decoding=\"async\" width=\"951\" height=\"711\" src=\"https:\/\/www.elpolitologoyelpolitico.com.ar\/wp-content\/uploads\/2023\/11\/IMG-20231129-WA0015.jpg\" alt=\"\" class=\"wp-image-36487\" srcset=\"https:\/\/www.elpolitologoyelpolitico.com.ar\/wp-content\/uploads\/2023\/11\/IMG-20231129-WA0015.jpg 951w, https:\/\/www.elpolitologoyelpolitico.com.ar\/wp-content\/uploads\/2023\/11\/IMG-20231129-WA0015-300x224.jpg 300w, https:\/\/www.elpolitologoyelpolitico.com.ar\/wp-content\/uploads\/2023\/11\/IMG-20231129-WA0015-768x574.jpg 768w\" sizes=\"(max-width: 951px) 100vw, 951px\" \/><\/figure>\n<div class=\"fb-background-color\">\n\t\t\t  <div \n\t\t\t  \tclass = \"fb-comments\" \n\t\t\t  \tdata-href = \"https:\/\/www.elpolitologoyelpolitico.com.ar\/wordpress\/2023\/11\/29\/declaracion-de-la-emergencia-agropecuaria-para-el-distrito-de-patagones\/\"\n\t\t\t  \tdata-numposts = \"10\"\n\t\t\t  \tdata-lazy = \"true\"\n\t\t\t\tdata-colorscheme = \"light\"\n\t\t\t\tdata-order-by = \"social\"\n\t\t\t\tdata-mobile=true>\n\t\t\t  <\/div><\/div>\n\t\t  <style>\n\t\t    .fb-background-color {\n\t\t\t\tbackground: #ffffff !important;\n\t\t\t}\n\t\t\t.fb_iframe_widget_fluid_desktop iframe {\n\t\t\t    width: 100% !important;\n\t\t\t}\n\t\t  <\/style>\n\t\t  ","protected":false},"excerpt":{"rendered":"<p>Desde la Subsecretar\u00eda de Desarrollo Territorial se informa que se declaro la emergencia y\/o desastre agropecuario para todas las explotaciones agropecuarias del partido de Patagones por el decreto 2157\/2023 desde el 1 de noviembre hasta el 31 de enero del 2024 para el sector agr\u00edcola y hasta el 30 de abril del 2024 para el [&hellip;]<\/p>\n","protected":false},"author":4,"featured_media":36486,"comment_status":"closed","ping_status":"closed","sticky":false,"template":"","format":"standard","meta":{"_joinchat":[],"footnotes":""},"categories":[4],"tags":[],"class_list":["post-36485","post","type-post","status-publish","format-standard","has-post-thumbnail","hentry","category-politicas-publicas"],"_links":{"self":[{"href":"https:\/\/www.elpolitologoyelpolitico.com.ar\/wordpress\/wp-json\/wp\/v2\/posts\/36485","targetHints":{"allow":["GET"]}}],"collection":[{"href":"https:\/\/www.elpolitologoyelpolitico.com.ar\/wordpress\/wp-json\/wp\/v2\/posts"}],"about":[{"href":"https:\/\/www.elpolitologoyelpolitico.com.ar\/wordpress\/wp-json\/wp\/v2\/types\/post"}],"author":[{"embeddable":true,"href":"https:\/\/www.elpolitologoyelpolitico.com.ar\/wordpress\/wp-json\/wp\/v2\/users\/4"}],"replies":[{"embeddable":true,"href":"https:\/\/www.elpolitologoyelpolitico.com.ar\/wordpress\/wp-json\/wp\/v2\/comments?post=36485"}],"version-history":[{"count":1,"href":"https:\/\/www.elpolitologoyelpolitico.com.ar\/wordpress\/wp-json\/wp\/v2\/posts\/36485\/revisions"}],"predecessor-version":[{"id":36488,"href":"https:\/\/www.elpolitologoyelpolitico.com.ar\/wordpress\/wp-json\/wp\/v2\/posts\/36485\/revisions\/36488"}],"wp:featuredmedia":[{"embeddable":true,"href":"https:\/\/www.elpolitologoyelpolitico.com.ar\/wordpress\/wp-json\/wp\/v2\/media\/36486"}],"wp:attachment":[{"href":"https:\/\/www.elpolitologoyelpolitico.com.ar\/wordpress\/wp-json\/wp\/v2\/media?parent=36485"}],"wp:term":[{"taxonomy":"category","embeddable":true,"href":"https:\/\/www.elpolitologoyelpolitico.com.ar\/wordpress\/wp-json\/wp\/v2\/categories?post=36485"},{"taxonomy":"post_tag","embeddable":true,"href":"https:\/\/www.elpolitologoyelpolitico.com.ar\/wordpress\/wp-json\/wp\/v2\/tags?post=36485"}],"curies":[{"name":"wp","href":"https:\/\/api.w.org\/{rel}","templated":true}]}}