{"id":36470,"date":"2023-11-28T19:02:00","date_gmt":"2023-11-28T22:02:00","guid":{"rendered":"https:\/\/www.elpolitologoyelpolitico.com.ar\/wordpress\/?p=36470"},"modified":"2023-11-28T19:02:01","modified_gmt":"2023-11-28T22:02:01","slug":"quedo-inaugurada-la-ampliacion-de-la-sala-de-espera-del-hospital-dr-luis-urizar-de-stroeder","status":"publish","type":"post","link":"https:\/\/www.elpolitologoyelpolitico.com.ar\/wordpress\/2023\/11\/28\/quedo-inaugurada-la-ampliacion-de-la-sala-de-espera-del-hospital-dr-luis-urizar-de-stroeder\/","title":{"rendered":"Qued\u00f3 inaugurada la ampliaci\u00f3n de la sala de espera del Hospital \u201cDr. Luis Urizar\u201d, de Stroeder"},"content":{"rendered":"\n<p>El Intendente Municipal, Ing. Jos\u00e9 Luis Zara, dej\u00f3 inaugurada este martes la ampliaci\u00f3n de la sala de espera del Hospital Municipal \u201cDr. Luis Urizar\u201d, de la localidad de Stroeder.<\/p>\n\n\n\n<p>Lo acompa\u00f1aron, el Delegado Municipal, Emiliano L\u00f3pez, el Jefe Gabinete, Fabio Bettinelli, el Secretario Obras P\u00fablicas, Jorge Isaac; el Secretario de Salud, Edgardo Jalabert; la Coordinadora de Programas Sanitarios, Mabel Guzm\u00e1n, el Director del Hospital local, Ramiro Estrade, funcionarios, concejales, personal del nosocomio y vecinos.<\/p>\n\n\n\n<p>La obra, financiada a trav\u00e9s del Fondo de Infraestructura Municipal, se plante\u00f3 en virtud del espacio reducido en el que los vecinos deb\u00edan esperar para ser atendidos y se complementa con los trabajos de refuncionalizaci\u00f3n del acceso al hospital.<\/p>\n\n\n\n<p>Constituye un total de 54 metros2 cubiertos, 14 metros2 semicubiertos con una inversi\u00f3n superior a los nueve millones de pesos.<\/p>\n\n\n\n<p>En primer t\u00e9rmino, hizo uso de la palabra el Secretario de Salud, Dr. Edgardo Jalabert: \u201choy es un d\u00eda muy alegre porque estamos inaugurando esta importante obra, de una serie de obras que hemos implementado en el \u00faltimo tiempo en Salud y gracias a la gesti\u00f3n del Intendente hemos podido ir realizando e inaugurando\u201d.<\/p>\n\n\n\n<p>Luego, hizo lo propio el Intendente Zara, quien sostuvo que \u201choy tengo el placer de dejar inaugurada esta sala de espera. Veo al personal y al director que en el 2022 recorriendo el hospital nos hab\u00edan dicho que el espacio donde trabajaban era chico, que precisaban ampliarlo, necesitaban una sala de espera en mejores condiciones y as\u00ed fue que, a trav\u00e9s del Fondo de Infraestructura Municipal 2022, dentro del plan de obras que ten\u00edamos designamos esa partida para llevar adelante esta obra que comenzaba en septiembre del 2022\u201d.<\/p>\n\n\n\n<p>\u201cAgradezco a quien llev\u00f3 adelante esta obra: Luis Vel\u00e1zquez, porque tambi\u00e9n es real que los Fondos de Infraestructura Municipal no tienen re determinaci\u00f3n y han hecho un esfuerzo muy grande para poder terminarla la obra.<\/p>\n\n\n\n<p>L\u00f3gicamente con el Estado Municipal atr\u00e1s, llevando adelante re determinaciones porque con la inflaci\u00f3n que hemos tenido y tenemos a veces las obras se dificultan a la hora de terminar\u201d agreg\u00f3 el mandatario.<\/p>\n\n\n\n<p>Para finalizar su alocuci\u00f3n, Zara afirm\u00f3 que: \u201ces una obra m\u00e1s que concretamos. La semana que viene vamos a inaugurar el edificio de Patolog\u00eda en el hospital Pedro Ecay y la verdad que en mi gesti\u00f3n hemos hecho una gran cantidad de obras e infraestructura en todas las unidades sanitarias. S\u00e9 que siempre faltan cosas, que a pesar del esfuerzo que se hace y m\u00e1s all\u00e1 de las dificultades que hayamos tenido, siempre tratamos que la salud en el Partido de Patagones sea la mejor\u201d.<\/p>\n\n\n\n<p>Luego, se concret\u00f3 el corte de cintas y el recorrido por el nuevo espacio.<\/p>\n\n\n\n<figure class=\"wp-block-gallery has-nested-images columns-default is-cropped wp-block-gallery-1 is-layout-flex wp-block-gallery-is-layout-flex\">\n<figure class=\"wp-block-image size-large\"><img fetchpriority=\"high\" decoding=\"async\" width=\"576\" height=\"1024\" data-id=\"36472\" src=\"https:\/\/www.elpolitologoyelpolitico.com.ar\/wp-content\/uploads\/2023\/11\/IMG-20231128-WA0014-576x1024.jpg\" alt=\"\" class=\"wp-image-36472\" srcset=\"https:\/\/www.elpolitologoyelpolitico.com.ar\/wp-content\/uploads\/2023\/11\/IMG-20231128-WA0014-576x1024.jpg 576w, https:\/\/www.elpolitologoyelpolitico.com.ar\/wp-content\/uploads\/2023\/11\/IMG-20231128-WA0014-169x300.jpg 169w, https:\/\/www.elpolitologoyelpolitico.com.ar\/wp-content\/uploads\/2023\/11\/IMG-20231128-WA0014.jpg 720w\" sizes=\"(max-width: 576px) 100vw, 576px\" \/><\/figure>\n\n\n\n<figure class=\"wp-block-image size-large\"><img decoding=\"async\" width=\"1024\" height=\"478\" data-id=\"36473\" src=\"https:\/\/www.elpolitologoyelpolitico.com.ar\/wp-content\/uploads\/2023\/11\/IMG-20231128-WA0015-1024x478.jpg\" alt=\"\" class=\"wp-image-36473\" srcset=\"https:\/\/www.elpolitologoyelpolitico.com.ar\/wp-content\/uploads\/2023\/11\/IMG-20231128-WA0015-1024x478.jpg 1024w, https:\/\/www.elpolitologoyelpolitico.com.ar\/wp-content\/uploads\/2023\/11\/IMG-20231128-WA0015-300x140.jpg 300w, https:\/\/www.elpolitologoyelpolitico.com.ar\/wp-content\/uploads\/2023\/11\/IMG-20231128-WA0015-768x358.jpg 768w, https:\/\/www.elpolitologoyelpolitico.com.ar\/wp-content\/uploads\/2023\/11\/IMG-20231128-WA0015.jpg 1080w\" sizes=\"(max-width: 1024px) 100vw, 1024px\" \/><\/figure>\n\n\n\n<figure class=\"wp-block-image size-large\"><img decoding=\"async\" width=\"1024\" height=\"478\" data-id=\"36474\" src=\"https:\/\/www.elpolitologoyelpolitico.com.ar\/wp-content\/uploads\/2023\/11\/IMG-20231128-WA0013-1024x478.jpg\" alt=\"\" class=\"wp-image-36474\" srcset=\"https:\/\/www.elpolitologoyelpolitico.com.ar\/wp-content\/uploads\/2023\/11\/IMG-20231128-WA0013-1024x478.jpg 1024w, https:\/\/www.elpolitologoyelpolitico.com.ar\/wp-content\/uploads\/2023\/11\/IMG-20231128-WA0013-300x140.jpg 300w, https:\/\/www.elpolitologoyelpolitico.com.ar\/wp-content\/uploads\/2023\/11\/IMG-20231128-WA0013-768x358.jpg 768w, https:\/\/www.elpolitologoyelpolitico.com.ar\/wp-content\/uploads\/2023\/11\/IMG-20231128-WA0013.jpg 1080w\" sizes=\"(max-width: 1024px) 100vw, 1024px\" \/><\/figure>\n<\/figure>\n<div class=\"fb-background-color\">\n\t\t\t  <div \n\t\t\t  \tclass = \"fb-comments\" \n\t\t\t  \tdata-href = \"https:\/\/www.elpolitologoyelpolitico.com.ar\/wordpress\/2023\/11\/28\/quedo-inaugurada-la-ampliacion-de-la-sala-de-espera-del-hospital-dr-luis-urizar-de-stroeder\/\"\n\t\t\t  \tdata-numposts = \"10\"\n\t\t\t  \tdata-lazy = \"true\"\n\t\t\t\tdata-colorscheme = \"light\"\n\t\t\t\tdata-order-by = \"social\"\n\t\t\t\tdata-mobile=true>\n\t\t\t  <\/div><\/div>\n\t\t  <style>\n\t\t    .fb-background-color {\n\t\t\t\tbackground: #ffffff !important;\n\t\t\t}\n\t\t\t.fb_iframe_widget_fluid_desktop iframe {\n\t\t\t    width: 100% !important;\n\t\t\t}\n\t\t  <\/style>\n\t\t  ","protected":false},"excerpt":{"rendered":"<p>El Intendente Municipal, Ing. Jos\u00e9 Luis Zara, dej\u00f3 inaugurada este martes la ampliaci\u00f3n de la sala de espera del Hospital Municipal \u201cDr. Luis Urizar\u201d, de la localidad de Stroeder. Lo acompa\u00f1aron, el Delegado Municipal, Emiliano L\u00f3pez, el Jefe Gabinete, Fabio Bettinelli, el Secretario Obras P\u00fablicas, Jorge Isaac; el Secretario de Salud, Edgardo Jalabert; la Coordinadora [&hellip;]<\/p>\n","protected":false},"author":4,"featured_media":36471,"comment_status":"closed","ping_status":"closed","sticky":false,"template":"","format":"standard","meta":{"_joinchat":[],"footnotes":""},"categories":[4],"tags":[],"class_list":["post-36470","post","type-post","status-publish","format-standard","has-post-thumbnail","hentry","category-politicas-publicas"],"_links":{"self":[{"href":"https:\/\/www.elpolitologoyelpolitico.com.ar\/wordpress\/wp-json\/wp\/v2\/posts\/36470","targetHints":{"allow":["GET"]}}],"collection":[{"href":"https:\/\/www.elpolitologoyelpolitico.com.ar\/wordpress\/wp-json\/wp\/v2\/posts"}],"about":[{"href":"https:\/\/www.elpolitologoyelpolitico.com.ar\/wordpress\/wp-json\/wp\/v2\/types\/post"}],"author":[{"embeddable":true,"href":"https:\/\/www.elpolitologoyelpolitico.com.ar\/wordpress\/wp-json\/wp\/v2\/users\/4"}],"replies":[{"embeddable":true,"href":"https:\/\/www.elpolitologoyelpolitico.com.ar\/wordpress\/wp-json\/wp\/v2\/comments?post=36470"}],"version-history":[{"count":1,"href":"https:\/\/www.elpolitologoyelpolitico.com.ar\/wordpress\/wp-json\/wp\/v2\/posts\/36470\/revisions"}],"predecessor-version":[{"id":36475,"href":"https:\/\/www.elpolitologoyelpolitico.com.ar\/wordpress\/wp-json\/wp\/v2\/posts\/36470\/revisions\/36475"}],"wp:featuredmedia":[{"embeddable":true,"href":"https:\/\/www.elpolitologoyelpolitico.com.ar\/wordpress\/wp-json\/wp\/v2\/media\/36471"}],"wp:attachment":[{"href":"https:\/\/www.elpolitologoyelpolitico.com.ar\/wordpress\/wp-json\/wp\/v2\/media?parent=36470"}],"wp:term":[{"taxonomy":"category","embeddable":true,"href":"https:\/\/www.elpolitologoyelpolitico.com.ar\/wordpress\/wp-json\/wp\/v2\/categories?post=36470"},{"taxonomy":"post_tag","embeddable":true,"href":"https:\/\/www.elpolitologoyelpolitico.com.ar\/wordpress\/wp-json\/wp\/v2\/tags?post=36470"}],"curies":[{"name":"wp","href":"https:\/\/api.w.org\/{rel}","templated":true}]}}