{"id":3646,"date":"2021-05-31T21:47:55","date_gmt":"2021-05-31T21:47:55","guid":{"rendered":"https:\/\/www.elpolitologoyelpolitico.com.ar\/wordpress\/?p=3646"},"modified":"2021-05-31T21:48:23","modified_gmt":"2021-05-31T21:48:23","slug":"manana-abre-la-feria-municipal","status":"publish","type":"post","link":"https:\/\/www.elpolitologoyelpolitico.com.ar\/wordpress\/2021\/05\/31\/manana-abre-la-feria-municipal\/","title":{"rendered":"Ma\u00f1ana abre la Feria Municipal"},"content":{"rendered":"\t\t<div data-elementor-type=\"wp-post\" data-elementor-id=\"3646\" class=\"elementor elementor-3646\">\n\t\t\t\t\t\t<section class=\"elementor-section elementor-top-section elementor-element elementor-element-76ca05ea elementor-section-boxed elementor-section-height-default elementor-section-height-default\" data-id=\"76ca05ea\" data-element_type=\"section\" data-e-type=\"section\">\n\t\t\t\t\t\t<div class=\"elementor-container elementor-column-gap-default\">\n\t\t\t\t\t<div class=\"elementor-column elementor-col-100 elementor-top-column elementor-element elementor-element-62ad92f8\" data-id=\"62ad92f8\" data-element_type=\"column\" data-e-type=\"column\">\n\t\t\t<div class=\"elementor-widget-wrap elementor-element-populated\">\n\t\t\t\t\t\t<div class=\"elementor-element elementor-element-5c0e93ca elementor-widget elementor-widget-text-editor\" data-id=\"5c0e93ca\" data-element_type=\"widget\" data-e-type=\"widget\" data-widget_type=\"text-editor.default\">\n\t\t\t\t<div class=\"elementor-widget-container\">\n\t\t\t\t\t\t\t\t\t\n<p>El gobierno de Viedma informa que ma\u00f1ana martes 1 de junio la feria municipal de frutas y verduras estar\u00e1 abierta al p\u00fablico.<\/p>\n\n\n\n<p>En esta oportunidad, se deber\u00e1 respetar el aforo del 30%, para garantizar las medidas de distanciamiento social y evitar la propagaci\u00f3n del covid 19.<\/p>\n\n\n\n<p>Esta medida fue consensuada en una reuni\u00f3n realizado hoy entre el municipio viedmense y referentes de la comisi\u00f3n de la feria municipal.<\/p>\n\n\n\n<p>Del encuentro participaron el jefe de gabinete Marcos Castro, el titular de la Agencia Local de Seguridad Vial, Jorge Vilca, la presidenta de la Feria municipal, Eva Ch\u00e1vez, y el director de la estaci\u00f3n experimental INTA Viedma, Adri\u00e1n N\u00fa\u00f1ez.<\/p>\n\n\n\n<p>A su vez, se recuerda que durante los d\u00edas s\u00e1bado 5 y domingo 6, estar\u00e1 vigente el DNU nacional, que intensifica las medidas de circulaci\u00f3n, por tal motivo, la feria no podr\u00e1 funcionar.<\/p>\n\n\n\n<p><strong>Entre todos nos cuidamos<\/strong><\/p>\n\n\n\n<p>Para garantizar las medidas sanitarias, el gobierno de Viedma hizo entrega de elementos de protecci\u00f3n y sanitizantes para ser distribuidos en los diferentes puestos de la feria municipal.<\/p>\n\n\n\n<p>Adem\u00e1s se recuerda que al concurrir a la feria se deben evitar las demoras en cada puesto, llevar alcohol en gel y bolsa para compras. Tambi\u00e9n se solicita evitar conversaciones que puedan ser postergadas para otro momento.<\/p>\n\t\t\t\t\t\t\t\t<\/div>\n\t\t\t\t<\/div>\n\t\t\t\t\t<\/div>\n\t\t<\/div>\n\t\t\t\t\t<\/div>\n\t\t<\/section>\n\t\t\t\t<\/div>\n\t\t<div class=\"fb-background-color\">\n\t\t\t  <div \n\t\t\t  \tclass = \"fb-comments\" \n\t\t\t  \tdata-href = \"https:\/\/www.elpolitologoyelpolitico.com.ar\/wordpress\/2021\/05\/31\/manana-abre-la-feria-municipal\/\"\n\t\t\t  \tdata-numposts = \"10\"\n\t\t\t  \tdata-lazy = \"true\"\n\t\t\t\tdata-colorscheme = \"light\"\n\t\t\t\tdata-order-by = \"social\"\n\t\t\t\tdata-mobile=true>\n\t\t\t  <\/div><\/div>\n\t\t  <style>\n\t\t    .fb-background-color {\n\t\t\t\tbackground: #ffffff !important;\n\t\t\t}\n\t\t\t.fb_iframe_widget_fluid_desktop iframe {\n\t\t\t    width: 100% !important;\n\t\t\t}\n\t\t  <\/style>\n\t\t  ","protected":false},"excerpt":{"rendered":"<p>El gobierno de Viedma informa que ma\u00f1ana martes 1 de junio la feria municipal de frutas y verduras estar\u00e1 abierta al p\u00fablico. En esta oportunidad, se deber\u00e1 respetar el aforo del 30%, para garantizar las medidas de distanciamiento social y evitar la propagaci\u00f3n del covid 19. Esta medida fue consensuada en una reuni\u00f3n realizado hoy [&hellip;]<\/p>\n","protected":false},"author":4,"featured_media":3647,"comment_status":"closed","ping_status":"closed","sticky":false,"template":"","format":"standard","meta":{"_joinchat":[],"footnotes":""},"categories":[4],"tags":[],"class_list":["post-3646","post","type-post","status-publish","format-standard","has-post-thumbnail","hentry","category-politicas-publicas"],"_links":{"self":[{"href":"https:\/\/www.elpolitologoyelpolitico.com.ar\/wordpress\/wp-json\/wp\/v2\/posts\/3646","targetHints":{"allow":["GET"]}}],"collection":[{"href":"https:\/\/www.elpolitologoyelpolitico.com.ar\/wordpress\/wp-json\/wp\/v2\/posts"}],"about":[{"href":"https:\/\/www.elpolitologoyelpolitico.com.ar\/wordpress\/wp-json\/wp\/v2\/types\/post"}],"author":[{"embeddable":true,"href":"https:\/\/www.elpolitologoyelpolitico.com.ar\/wordpress\/wp-json\/wp\/v2\/users\/4"}],"replies":[{"embeddable":true,"href":"https:\/\/www.elpolitologoyelpolitico.com.ar\/wordpress\/wp-json\/wp\/v2\/comments?post=3646"}],"version-history":[{"count":0,"href":"https:\/\/www.elpolitologoyelpolitico.com.ar\/wordpress\/wp-json\/wp\/v2\/posts\/3646\/revisions"}],"wp:featuredmedia":[{"embeddable":true,"href":"https:\/\/www.elpolitologoyelpolitico.com.ar\/wordpress\/wp-json\/wp\/v2\/media\/3647"}],"wp:attachment":[{"href":"https:\/\/www.elpolitologoyelpolitico.com.ar\/wordpress\/wp-json\/wp\/v2\/media?parent=3646"}],"wp:term":[{"taxonomy":"category","embeddable":true,"href":"https:\/\/www.elpolitologoyelpolitico.com.ar\/wordpress\/wp-json\/wp\/v2\/categories?post=3646"},{"taxonomy":"post_tag","embeddable":true,"href":"https:\/\/www.elpolitologoyelpolitico.com.ar\/wordpress\/wp-json\/wp\/v2\/tags?post=3646"}],"curies":[{"name":"wp","href":"https:\/\/api.w.org\/{rel}","templated":true}]}}