{"id":36429,"date":"2023-11-27T19:06:22","date_gmt":"2023-11-27T22:06:22","guid":{"rendered":"https:\/\/www.elpolitologoyelpolitico.com.ar\/wordpress\/?p=36429"},"modified":"2023-11-27T19:06:23","modified_gmt":"2023-11-27T22:06:23","slug":"sabado-para-acompanarnos-cerro-el-ano-junto-a-mas-de-2000-familias","status":"publish","type":"post","link":"https:\/\/www.elpolitologoyelpolitico.com.ar\/wordpress\/2023\/11\/27\/sabado-para-acompanarnos-cerro-el-ano-junto-a-mas-de-2000-familias\/","title":{"rendered":"\u201cS\u00e1bado para Acompa\u00f1arnos\u201d cerr\u00f3 el a\u00f1o junto a m\u00e1s de 2000 familias"},"content":{"rendered":"\n<p>Con muestras, presentaciones y exposiciones del trabajo realizado, estudiantes de toda la provincia fueron protagonistas del cierre del programa educativo \u201cS\u00e1bado para Acompa\u00f1arnos\u201d, del Ministerio de Educaci\u00f3n y Derechos Humanos.<\/p>\n\n\n\n<p>Para desarrollar la propuesta, que alcanzo a m\u00e1s de 2.300 estudiantes de R\u00edo Negro, la cartera educativa cont\u00f3 con m\u00e1s de 30 Escuelas sedes distribuidas en todo el territorio provincial con talleres educativos a cargo de m\u00e1s de 150 docentes.<\/p>\n\n\n\n<p>\u201cEl a\u00f1o pasado nos propusimos el objetivo de abrir las escuelas los s\u00e1bados para acompa\u00f1ar las trayectorias en Lengua y Matem\u00e1tica de estudiantes de Educaci\u00f3n Primaria y Secundaria. La aceptaci\u00f3n de esta iniciativa por parte de las familias hizo que este a\u00f1o no solamente abri\u00e9ramos m\u00e1s sedes, llegando a 33, sino que tambi\u00e9n ampliamos la cantidad de estudiantes y las propuestas educativas con Programaci\u00f3n, Rob\u00f3tica y Marketing Digital para Educaci\u00f3n Secundaria\u201d. De esta manera, logramos cubrir el objetivo de abrir las Escuelas los s\u00e1bados y ampliar los talleres atentos a las demandas de las familias y las y los estudiantes\u201d, destac\u00f3 el ministro Nu\u00f1ez.<\/p>\n\n\n\n<p>La iniciativa provincial tuvo el objetivo de incorporar jornadas presenciales complementarias a la jornada escolar para diversificar estrategias de ense\u00f1anza, profundizar la construcci\u00f3n de saberes y la adquisici\u00f3n de habilidades transversales a estudiantes de Educaci\u00f3n Primaria y Secundaria.<\/p>\n\n\n\n<p>De esta manera se desarrollaron, en Educaci\u00f3n Primaria, talleres de Alfabetizaci\u00f3n en Lengua y Matem\u00e1tica para 1er Ciclo (1ro, 2do y 3er grado); y de Lengua y Matem\u00e1tica para 2do y 3er Ciclo (de 4to a 7mo grado). Y para estudiantes de Educaci\u00f3n Secundaria talleres de Acompa\u00f1amiento al Estudio; Clubes de Rob\u00f3tica; y se incorpor\u00f3 en agosto los talleres de Programaci\u00f3n y Marketing Digital.<\/p>\n\n\n\n<p>Adem\u00e1s, se realizaron talleres itinerantes de Ajedrez; talleres de Bandas; de Coros y Orquestas; Sala de Escape; Desaf\u00edo de Saberes de matem\u00e1tica; Educaci\u00f3n Vial, entre otros.<\/p>\n\n\n\n<p>El programa cont\u00f3 con 33 sedes en 24 localidades: Allen, Catriel, Chichinales, Choele Choel, Cinco Saltos, Cipolleti, Dina Huapi, El Bols\u00f3n, Fern\u00e1ndez Oro, Paraje ex isla 3, General Roca, Ingeniero Jacobacci, Los Menucos, Maquinchao, R\u00edo Colorado, San Antonio Oeste, Bariloche, San Javier, El C\u00f3ndor, Sierra Grande, Sierra Colorada, Valcheta, Viedma, Villa Regina y General Godoy.<\/p>\n\n\n\n<p><\/p>\n\n\n\n<figure class=\"wp-block-gallery has-nested-images columns-default is-cropped wp-block-gallery-1 is-layout-flex wp-block-gallery-is-layout-flex\">\n<figure class=\"wp-block-image size-large\"><img fetchpriority=\"high\" decoding=\"async\" width=\"1024\" height=\"699\" data-id=\"36431\" src=\"https:\/\/www.elpolitologoyelpolitico.com.ar\/wp-content\/uploads\/2023\/11\/IMG-20231127-WA0033-1024x699.jpg\" alt=\"\" class=\"wp-image-36431\" srcset=\"https:\/\/www.elpolitologoyelpolitico.com.ar\/wp-content\/uploads\/2023\/11\/IMG-20231127-WA0033-1024x699.jpg 1024w, https:\/\/www.elpolitologoyelpolitico.com.ar\/wp-content\/uploads\/2023\/11\/IMG-20231127-WA0033-300x205.jpg 300w, https:\/\/www.elpolitologoyelpolitico.com.ar\/wp-content\/uploads\/2023\/11\/IMG-20231127-WA0033-768x524.jpg 768w, https:\/\/www.elpolitologoyelpolitico.com.ar\/wp-content\/uploads\/2023\/11\/IMG-20231127-WA0033-1536x1048.jpg 1536w, https:\/\/www.elpolitologoyelpolitico.com.ar\/wp-content\/uploads\/2023\/11\/IMG-20231127-WA0033.jpg 1600w\" sizes=\"(max-width: 1024px) 100vw, 1024px\" \/><\/figure>\n\n\n\n<figure class=\"wp-block-image size-large\"><img decoding=\"async\" width=\"1024\" height=\"576\" data-id=\"36432\" src=\"https:\/\/www.elpolitologoyelpolitico.com.ar\/wp-content\/uploads\/2023\/11\/IMG-20231127-WA0034-1024x576.jpg\" alt=\"\" class=\"wp-image-36432\" srcset=\"https:\/\/www.elpolitologoyelpolitico.com.ar\/wp-content\/uploads\/2023\/11\/IMG-20231127-WA0034-1024x576.jpg 1024w, https:\/\/www.elpolitologoyelpolitico.com.ar\/wp-content\/uploads\/2023\/11\/IMG-20231127-WA0034-300x169.jpg 300w, https:\/\/www.elpolitologoyelpolitico.com.ar\/wp-content\/uploads\/2023\/11\/IMG-20231127-WA0034-768x432.jpg 768w, https:\/\/www.elpolitologoyelpolitico.com.ar\/wp-content\/uploads\/2023\/11\/IMG-20231127-WA0034-1536x864.jpg 1536w, https:\/\/www.elpolitologoyelpolitico.com.ar\/wp-content\/uploads\/2023\/11\/IMG-20231127-WA0034.jpg 1600w\" sizes=\"(max-width: 1024px) 100vw, 1024px\" \/><\/figure>\n<\/figure>\n<div class=\"fb-background-color\">\n\t\t\t  <div \n\t\t\t  \tclass = \"fb-comments\" \n\t\t\t  \tdata-href = \"https:\/\/www.elpolitologoyelpolitico.com.ar\/wordpress\/2023\/11\/27\/sabado-para-acompanarnos-cerro-el-ano-junto-a-mas-de-2000-familias\/\"\n\t\t\t  \tdata-numposts = \"10\"\n\t\t\t  \tdata-lazy = \"true\"\n\t\t\t\tdata-colorscheme = \"light\"\n\t\t\t\tdata-order-by = \"social\"\n\t\t\t\tdata-mobile=true>\n\t\t\t  <\/div><\/div>\n\t\t  <style>\n\t\t    .fb-background-color {\n\t\t\t\tbackground: #ffffff !important;\n\t\t\t}\n\t\t\t.fb_iframe_widget_fluid_desktop iframe {\n\t\t\t    width: 100% !important;\n\t\t\t}\n\t\t  <\/style>\n\t\t  ","protected":false},"excerpt":{"rendered":"<p>Con muestras, presentaciones y exposiciones del trabajo realizado, estudiantes de toda la provincia fueron protagonistas del cierre del programa educativo \u201cS\u00e1bado para Acompa\u00f1arnos\u201d, del Ministerio de Educaci\u00f3n y Derechos Humanos. Para desarrollar la propuesta, que alcanzo a m\u00e1s de 2.300 estudiantes de R\u00edo Negro, la cartera educativa cont\u00f3 con m\u00e1s de 30 Escuelas sedes distribuidas [&hellip;]<\/p>\n","protected":false},"author":4,"featured_media":36430,"comment_status":"closed","ping_status":"closed","sticky":false,"template":"","format":"standard","meta":{"_joinchat":[],"footnotes":""},"categories":[4],"tags":[],"class_list":["post-36429","post","type-post","status-publish","format-standard","has-post-thumbnail","hentry","category-politicas-publicas"],"_links":{"self":[{"href":"https:\/\/www.elpolitologoyelpolitico.com.ar\/wordpress\/wp-json\/wp\/v2\/posts\/36429","targetHints":{"allow":["GET"]}}],"collection":[{"href":"https:\/\/www.elpolitologoyelpolitico.com.ar\/wordpress\/wp-json\/wp\/v2\/posts"}],"about":[{"href":"https:\/\/www.elpolitologoyelpolitico.com.ar\/wordpress\/wp-json\/wp\/v2\/types\/post"}],"author":[{"embeddable":true,"href":"https:\/\/www.elpolitologoyelpolitico.com.ar\/wordpress\/wp-json\/wp\/v2\/users\/4"}],"replies":[{"embeddable":true,"href":"https:\/\/www.elpolitologoyelpolitico.com.ar\/wordpress\/wp-json\/wp\/v2\/comments?post=36429"}],"version-history":[{"count":1,"href":"https:\/\/www.elpolitologoyelpolitico.com.ar\/wordpress\/wp-json\/wp\/v2\/posts\/36429\/revisions"}],"predecessor-version":[{"id":36433,"href":"https:\/\/www.elpolitologoyelpolitico.com.ar\/wordpress\/wp-json\/wp\/v2\/posts\/36429\/revisions\/36433"}],"wp:featuredmedia":[{"embeddable":true,"href":"https:\/\/www.elpolitologoyelpolitico.com.ar\/wordpress\/wp-json\/wp\/v2\/media\/36430"}],"wp:attachment":[{"href":"https:\/\/www.elpolitologoyelpolitico.com.ar\/wordpress\/wp-json\/wp\/v2\/media?parent=36429"}],"wp:term":[{"taxonomy":"category","embeddable":true,"href":"https:\/\/www.elpolitologoyelpolitico.com.ar\/wordpress\/wp-json\/wp\/v2\/categories?post=36429"},{"taxonomy":"post_tag","embeddable":true,"href":"https:\/\/www.elpolitologoyelpolitico.com.ar\/wordpress\/wp-json\/wp\/v2\/tags?post=36429"}],"curies":[{"name":"wp","href":"https:\/\/api.w.org\/{rel}","templated":true}]}}