{"id":36406,"date":"2023-11-26T23:09:25","date_gmt":"2023-11-27T02:09:25","guid":{"rendered":"https:\/\/www.elpolitologoyelpolitico.com.ar\/wordpress\/?p=36406"},"modified":"2023-11-26T23:09:26","modified_gmt":"2023-11-27T02:09:26","slug":"preocupacion-de-marino-por-sectores-de-la-construccion","status":"publish","type":"post","link":"https:\/\/www.elpolitologoyelpolitico.com.ar\/wordpress\/2023\/11\/26\/preocupacion-de-marino-por-sectores-de-la-construccion\/","title":{"rendered":"Preocupacion de Marino por sectores de la construcci\u00f3n"},"content":{"rendered":"\n<p><\/p>\n\n\n\n<p>El Intendente electo Ricardo Marino se mostr\u00f3 preocupado por la dif\u00edcil situaci\u00f3n de las empresas de construcci\u00f3n y los trabajadores, luego de la reuni\u00f3n mantenida, d\u00edas atr\u00e1s, con ambos sectores.<\/p>\n\n\n\n<p>En el encuentro, empresas y trabajadores<br>les presentaron las dificultades y desaf\u00edos que enfrentan en la actualidad.<\/p>\n\n\n\n<p>Las empresas, expusieron la dif\u00edcil situaci\u00f3n que atraviesan, \u00abdebido a la reconsideraci\u00f3n de precios, fruto de los \u00edndices inflacionarios\u00bb.<\/p>\n\n\n\n<p>El Intendente electo, comparti\u00f3 las preocupaciones tanto de las empresas como de los trabajadores.<\/p>\n\n\n\n<p>En ese sentido, Marino reafirm\u00f3 su compromiso con pol\u00edticas que impulsen el crecimiento econ\u00f3mico y la generaci\u00f3n de empleo, de modo que, indic\u00f3 llevar\u00e1 la inquietud a los funcionarios correspondientes de la provincia se Buenos Aires.<\/p>\n<div class=\"fb-background-color\">\n\t\t\t  <div \n\t\t\t  \tclass = \"fb-comments\" \n\t\t\t  \tdata-href = \"https:\/\/www.elpolitologoyelpolitico.com.ar\/wordpress\/2023\/11\/26\/preocupacion-de-marino-por-sectores-de-la-construccion\/\"\n\t\t\t  \tdata-numposts = \"10\"\n\t\t\t  \tdata-lazy = \"true\"\n\t\t\t\tdata-colorscheme = \"light\"\n\t\t\t\tdata-order-by = \"social\"\n\t\t\t\tdata-mobile=true>\n\t\t\t  <\/div><\/div>\n\t\t  <style>\n\t\t    .fb-background-color {\n\t\t\t\tbackground: #ffffff !important;\n\t\t\t}\n\t\t\t.fb_iframe_widget_fluid_desktop iframe {\n\t\t\t    width: 100% !important;\n\t\t\t}\n\t\t  <\/style>\n\t\t  ","protected":false},"excerpt":{"rendered":"<p>El Intendente electo Ricardo Marino se mostr\u00f3 preocupado por la dif\u00edcil situaci\u00f3n de las empresas de construcci\u00f3n y los trabajadores, luego de la reuni\u00f3n mantenida, d\u00edas atr\u00e1s, con ambos sectores. En el encuentro, empresas y trabajadoresles presentaron las dificultades y desaf\u00edos que enfrentan en la actualidad. Las empresas, expusieron la dif\u00edcil situaci\u00f3n que atraviesan, \u00abdebido [&hellip;]<\/p>\n","protected":false},"author":2,"featured_media":36407,"comment_status":"closed","ping_status":"closed","sticky":false,"template":"","format":"standard","meta":{"_joinchat":[],"footnotes":""},"categories":[39],"tags":[],"class_list":["post-36406","post","type-post","status-publish","format-standard","has-post-thumbnail","hentry","category-en-esta-seccion"],"_links":{"self":[{"href":"https:\/\/www.elpolitologoyelpolitico.com.ar\/wordpress\/wp-json\/wp\/v2\/posts\/36406","targetHints":{"allow":["GET"]}}],"collection":[{"href":"https:\/\/www.elpolitologoyelpolitico.com.ar\/wordpress\/wp-json\/wp\/v2\/posts"}],"about":[{"href":"https:\/\/www.elpolitologoyelpolitico.com.ar\/wordpress\/wp-json\/wp\/v2\/types\/post"}],"author":[{"embeddable":true,"href":"https:\/\/www.elpolitologoyelpolitico.com.ar\/wordpress\/wp-json\/wp\/v2\/users\/2"}],"replies":[{"embeddable":true,"href":"https:\/\/www.elpolitologoyelpolitico.com.ar\/wordpress\/wp-json\/wp\/v2\/comments?post=36406"}],"version-history":[{"count":1,"href":"https:\/\/www.elpolitologoyelpolitico.com.ar\/wordpress\/wp-json\/wp\/v2\/posts\/36406\/revisions"}],"predecessor-version":[{"id":36408,"href":"https:\/\/www.elpolitologoyelpolitico.com.ar\/wordpress\/wp-json\/wp\/v2\/posts\/36406\/revisions\/36408"}],"wp:featuredmedia":[{"embeddable":true,"href":"https:\/\/www.elpolitologoyelpolitico.com.ar\/wordpress\/wp-json\/wp\/v2\/media\/36407"}],"wp:attachment":[{"href":"https:\/\/www.elpolitologoyelpolitico.com.ar\/wordpress\/wp-json\/wp\/v2\/media?parent=36406"}],"wp:term":[{"taxonomy":"category","embeddable":true,"href":"https:\/\/www.elpolitologoyelpolitico.com.ar\/wordpress\/wp-json\/wp\/v2\/categories?post=36406"},{"taxonomy":"post_tag","embeddable":true,"href":"https:\/\/www.elpolitologoyelpolitico.com.ar\/wordpress\/wp-json\/wp\/v2\/tags?post=36406"}],"curies":[{"name":"wp","href":"https:\/\/api.w.org\/{rel}","templated":true}]}}