{"id":36403,"date":"2023-11-26T17:00:21","date_gmt":"2023-11-26T20:00:21","guid":{"rendered":"https:\/\/www.elpolitologoyelpolitico.com.ar\/wordpress\/?p=36403"},"modified":"2023-11-26T17:00:22","modified_gmt":"2023-11-26T20:00:22","slug":"epade-seleccionados-de-voley-futbol-basquet-y-atletismo-confirmado","status":"publish","type":"post","link":"https:\/\/www.elpolitologoyelpolitico.com.ar\/wordpress\/2023\/11\/26\/epade-seleccionados-de-voley-futbol-basquet-y-atletismo-confirmado\/","title":{"rendered":"Epade: seleccionados de v\u00f3ley, f\u00fatbol, b\u00e1squet y atletismo confirmado"},"content":{"rendered":"\n<p>La Secretar\u00eda de Deporte contin\u00faa dando a conocer a las y los representantes rionegrinos para la 17\u00b0 edici\u00f3n de los Juegos que tendr\u00e1n lugar en La Pampa.<\/p>\n\n\n\n<p>El evento tendr\u00e1 lugar desde este domingo 26 hasta el viernes primero de diciembre en Santa Rosa, Castex, General Pico y General Acha con la participaci\u00f3n de m\u00e1s de 900 j\u00f3venes de Tierra del Fuego, Santa Cruz, Chubut, Neuqu\u00e9n, R\u00edo Negro y locales.<\/p>\n\n\n\n<p>Cabe destacar que para dar con las y los atletas que vestir\u00e1n los colores provinciales en el evento R\u00edo Negro Deporte trabaj\u00f3 junto a las federaciones y clubes rionegrinos, llevando adelante selectivos y evaluativos, permiti\u00e9ndo a m\u00e1s j\u00f3venes mostrar su potencial para integrar la delegaci\u00f3n.<\/p>\n\n\n\n<p>En cu\u00e1nto a la \u00faltima actuaci\u00f3n de los seleccionados provinciales en estas disciplinas el de f\u00fatbol femenino fue campe\u00f3n en Santa Cruz 2022, mientras que el masculino se ubic\u00f3 quinto; en v\u00f3ley ambas ramas se quedaron con la copa de plata, en b\u00e1squet tanto el equipo de damas como el de varones se ubic\u00f3 en el tercer puesto y finalmente en atletismo las chicas fueron sextas y los chicos cuartos.<\/p>\n\n\n\n<p>Dentro de esta edici\u00f3n de los Juegos el b\u00e1squet, el atletismo y el f\u00fatbol masculino tendr\u00e1n a Santa Rosa como sede, mientras que el v\u00f3ley masculino competir\u00e1 en Castex, el femenino en General Acha y el f\u00fatbol femenino en General Pico.<\/p>\n\n\n\n<p><\/p>\n\n\n\n<p>SELECCIONADOS RIONEGRINOS PARA LOS JUEGOS EPADE<\/p>\n\n\n\n<p><\/p>\n\n\n\n<p>V\u00d3LEY MASCULINO<\/p>\n\n\n\n<p>Dahir Altmaier &#8211; Los Menucos<\/p>\n\n\n\n<p>Mat\u00edas Blanco &#8211; Luis Beltr\u00e1n<\/p>\n\n\n\n<p>Juan Iraldi &#8211; Bariloche<\/p>\n\n\n\n<p>Tiago Lav\u00edn &#8211; Jacobaccit<\/p>\n\n\n\n<p>Gregorio Miranda &#8211; General Roca<\/p>\n\n\n\n<p>Franco Mora &#8211; San Antonio Oeste<\/p>\n\n\n\n<p>Jos\u00e9 Nieto &#8211; Cipolletti<\/p>\n\n\n\n<p>Francisco Palferro &#8211; Bariloche<\/p>\n\n\n\n<p>Joaqu\u00edn Ram\u00edrez &#8211; General Roca<\/p>\n\n\n\n<p>Francisco Saragueta&nbsp; &#8211; Lamarque<\/p>\n\n\n\n<p>Francesco Scarfo -Viedma<\/p>\n\n\n\n<p>Iv\u00e1n Tolosa &#8211; Valcheta<\/p>\n\n\n\n<p>CT: Hern\u00e1n Tripailao (Viedma), Ernesto Devia (Cipolletti), Miguel Gonz\u00e1lez (Catriel)<\/p>\n\n\n\n<p><\/p>\n\n\n\n<p>V\u00d3LEY FEMENINO<\/p>\n\n\n\n<p>Francesca Giuliani &#8211; Bariloche<\/p>\n\n\n\n<p>Luc\u00eda Rivas &#8211; Cipolletti<\/p>\n\n\n\n<p>Martina Sisterna &#8211; Lamarque<\/p>\n\n\n\n<p>Olivia Iglesias &#8211; Bariloche<\/p>\n\n\n\n<p>Valentina Traverso &#8211; Bariloche<\/p>\n\n\n\n<p>Mia Peri\u00f1o &#8211; Bariloche<\/p>\n\n\n\n<p>Maitena Simoni &#8211; Cipolletti<\/p>\n\n\n\n<p>Luciana Muena &#8211; Bariloche<\/p>\n\n\n\n<p>Contanza Re &#8211; Lamarque<\/p>\n\n\n\n<p>Valentina Saragueta &#8211; Lamarque<\/p>\n\n\n\n<p>Lara Isasmendi &#8211; Choele Choel<\/p>\n\n\n\n<p>Lucia Gonz\u00e1lez &#8211; Viedma<\/p>\n\n\n\n<p>CT: Marianella Rodriguez (General Roca), Franco Navarro (Luis Beltr\u00e1n), Mar\u00eda Soledad Carrera (Cipolletti).<\/p>\n\n\n\n<p>B\u00c1SQUET FEMENINO<\/p>\n\n\n\n<p>M\u00eda Alfaro &#8211; Viedma<\/p>\n\n\n\n<p>Renata Boccatonda &#8211; Viedma<\/p>\n\n\n\n<p>Malena De Luca &#8211; Viedma<\/p>\n\n\n\n<p>Sof\u00eda Delucchi &#8211; Cipolletti<\/p>\n\n\n\n<p>Carmela Fusco &#8211; Cinco Saltos<\/p>\n\n\n\n<p>Lucero Pacheco &#8211; Viedma<\/p>\n\n\n\n<p>Nahiara Palmisciano &#8211; General Roca<\/p>\n\n\n\n<p>Guadalupe P\u00e9rez &#8211; Cipolletti<\/p>\n\n\n\n<p>Hanna Quinteros &#8211; General Roca<\/p>\n\n\n\n<p>Danna Siccolo &#8211; Cipolletti<\/p>\n\n\n\n<p>Martina V\u00e1zquez &#8211; General Roca<\/p>\n\n\n\n<p>Mar\u00eda Vila &#8211; Cinco Saltos<\/p>\n\n\n\n<p>CT: Janet Martinez (Cipolletti), Carlos Lencina (Cipolletti), Marcelo Costilla (Viedma)<\/p>\n\n\n\n<p>.<br>B\u00c1SQUET MASCULINO<\/p>\n\n\n\n<p>Genaro Corte &#8211; General Roca<\/p>\n\n\n\n<p>Martiniano Mujica &#8211; Viedma<\/p>\n\n\n\n<p>Juan S\u00e1nchez &#8211; Viedma<\/p>\n\n\n\n<p>Lautaro Luengo &#8211; Viedma<\/p>\n\n\n\n<p>Francisco Pereyra &#8211; Viedma<\/p>\n\n\n\n<p>Gianluca Fabi &#8211; General Roca<\/p>\n\n\n\n<p>Tom\u00e1s Boglio &#8211; General Roca<\/p>\n\n\n\n<p>Sim\u00f3n Lencina &#8211; Cipolletti<\/p>\n\n\n\n<p>Santiago Candia &#8211; Cipolletti<\/p>\n\n\n\n<p>Fausto Caliva &#8211; Viedma<\/p>\n\n\n\n<p>Benjam\u00edn Vila &#8211; Cinco Saltos<\/p>\n\n\n\n<p>Gamal Baumgartner &#8211; Viedma<\/p>\n\n\n\n<p>CT: Santiago Periz (Bariloche), Pablo Schwert (Viedma), Tom\u00e1s Villar (General Roca)<\/p>\n\n\n\n<p>.<br>F\u00daTBOL FEMENINO<\/p>\n\n\n\n<p>Bryanna Bayer &#8211; Allen<\/p>\n\n\n\n<p>Brisa Bravo &#8211; Cervantes<\/p>\n\n\n\n<p>Jazm\u00edn Britos &#8211; General Roca<\/p>\n\n\n\n<p>M\u00eda C\u00e1rdenas &#8211; Bariloche<\/p>\n\n\n\n<p>Tiziana Coronado &#8211; Cipolletti<\/p>\n\n\n\n<p>Sasha Costilla &#8211; General Roca<\/p>\n\n\n\n<p>Jazm\u00edn Gonz\u00e1lez &#8211; General Roca<\/p>\n\n\n\n<p>Ayel\u00e9n Laborde &#8211; Villa Regina<\/p>\n\n\n\n<p>F\u00e1tima Mara &#8211; R\u00edo Colorado<\/p>\n\n\n\n<p>Sof\u00eda Montecinos &#8211; Bariloche<\/p>\n\n\n\n<p>Guadalupe Ochoa &#8211; Bariloche<\/p>\n\n\n\n<p>Juanita Parra &#8211; Fern\u00e1ndez Oro<\/p>\n\n\n\n<p>Agustina Ram\u00edrez &#8211; General Roca<\/p>\n\n\n\n<p>Hiara R\u00edos &#8211; General Roca<\/p>\n\n\n\n<p>Sof\u00eda Rosas &#8211; Bariloche<\/p>\n\n\n\n<p>Mar\u00eda Salvador &#8211; Bariloche<\/p>\n\n\n\n<p>Albertina Sandoval &#8211; R\u00edo Colorado<\/p>\n\n\n\n<p>Lara Trincheri &#8211; Luis Beltr\u00e1n<\/p>\n\n\n\n<p>CT: Jos\u00e9 Altube (Viedma), Valeria Cotelo (General Roca), Cristian Enei (Cipolletti)<\/p>\n\n\n\n<p><\/p>\n\n\n\n<p>F\u00daTBOL MASCULINO<\/p>\n\n\n\n<p>Nicol\u00e1s Arruabarrena &#8211; Viedma<\/p>\n\n\n\n<p>Thiago Calvo &#8211; Viedma<\/p>\n\n\n\n<p>German Cona &#8211; Jacobacci<\/p>\n\n\n\n<p>Mateo Costa &#8211; General Roca<\/p>\n\n\n\n<p>Maximiliano D\u00edaz &#8211; Luis Beltr\u00e1n<\/p>\n\n\n\n<p>Genaro Gomis &#8211; General Roca<\/p>\n\n\n\n<p>Thiago Gringo &#8211; Viedma<\/p>\n\n\n\n<p>Benjam\u00edn Maureira &#8211; General Roca<\/p>\n\n\n\n<p>Lautaro Morales &#8211; Choele Choel<\/p>\n\n\n\n<p>Jerem\u00edas Navarro &#8211; Villa Regina<\/p>\n\n\n\n<p>Santiago Osorio &#8211; Bariloche<\/p>\n\n\n\n<p>Sebasti\u00e1n Padua &#8211; Fern\u00e1ndez Oro<\/p>\n\n\n\n<p>M\u00e1ximo P\u00e9rez &#8211; Bariloche<\/p>\n\n\n\n<p>Bruno Quilen &#8211; Viedma<\/p>\n\n\n\n<p>Matteo Repossini &#8211; Bariloche<\/p>\n\n\n\n<p>Lautaro Salinas &#8211; General Roca<\/p>\n\n\n\n<p>Jos\u00e9 Valverde &#8211; Viedma<\/p>\n\n\n\n<p>Liam Vera &#8211; Bariloche<\/p>\n\n\n\n<p>CT: Nicol\u00e1s Chirico (Viedma), Omar Floridia (Viedma), Lucas Malacarne (Viedma)<\/p>\n\n\n\n<p><\/p>\n\n\n\n<p>ATLETISMO FEMENINO<\/p>\n\n\n\n<p>Ainhoa Henriquez &#8211; Choele Choel<\/p>\n\n\n\n<p>Leticia Borsetta &#8211; Cipolletti<\/p>\n\n\n\n<p>Mia Marco &#8211; General Roca<\/p>\n\n\n\n<p>Mora Santiba\u00f1ez &#8211; Choele Choel<\/p>\n\n\n\n<p>Iara Nicoluk&nbsp; &#8211; Ramos Mex\u00eda<\/p>\n\n\n\n<p>Jazm\u00edn Godoy &#8211; Luis Beltr\u00e1n<\/p>\n\n\n\n<p>Sof\u00eda Cabezas&nbsp; &#8211; Choele Choel<\/p>\n\n\n\n<p>Gisel Mart\u00ednez &#8211; Luis Beltr\u00e1n<\/p>\n\n\n\n<p>Bianca Quinchu &#8211; Ramos Mexia<\/p>\n\n\n\n<p>Sofia Ignacio &#8211; Viedma<\/p>\n\n\n\n<p>Yazmin Calvo &#8211; Viedma<\/p>\n\n\n\n<p>Almaza Fatima &#8211; San Antonio Oeste<\/p>\n\n\n\n<p>Guillermina De Durana &#8211; General Conesa<\/p>\n\n\n\n<p>ATLETISMO MASCULINO<\/p>\n\n\n\n<p>Camilo Castillo &#8211; Ramos Mexia<\/p>\n\n\n\n<p>M\u00e1ximo Biliansky &#8211; San Antonio Oeste<\/p>\n\n\n\n<p>Marcos Llanquitruz &#8211; General Roca<\/p>\n\n\n\n<p>Tiago Becerra &#8211; General Conesa<\/p>\n\n\n\n<p>Ulises Marigual &#8211; General Conesa<\/p>\n\n\n\n<p>Ian Rom\u00e1n &#8211; Cervantes<\/p>\n\n\n\n<p>Pablo Morales &#8211; Choele Choel<\/p>\n\n\n\n<p>Arcangel Curapil &#8211; San Antonio Oeste<\/p>\n\n\n\n<p>Santiago Santoro &#8211; Cervantes<\/p>\n\n\n\n<p>Diego Torres &#8211; Bariloche<\/p>\n\n\n\n<p>Tiziano Buzzelli &#8211; Cipolletti<\/p>\n\n\n\n<p>Bruno Ceballes &#8211; General Roca<\/p>\n\n\n\n<p>CT: Walter Millao (Ramos Mex\u00eda), In\u00e9s Dom\u00ednguez (Cervantes), Juan Leiva (General Roca), Lorena Jofr\u00e9 (Choele Choel)<\/p>\n<div class=\"fb-background-color\">\n\t\t\t  <div \n\t\t\t  \tclass = \"fb-comments\" \n\t\t\t  \tdata-href = \"https:\/\/www.elpolitologoyelpolitico.com.ar\/wordpress\/2023\/11\/26\/epade-seleccionados-de-voley-futbol-basquet-y-atletismo-confirmado\/\"\n\t\t\t  \tdata-numposts = \"10\"\n\t\t\t  \tdata-lazy = \"true\"\n\t\t\t\tdata-colorscheme = \"light\"\n\t\t\t\tdata-order-by = \"social\"\n\t\t\t\tdata-mobile=true>\n\t\t\t  <\/div><\/div>\n\t\t  <style>\n\t\t    .fb-background-color {\n\t\t\t\tbackground: #ffffff !important;\n\t\t\t}\n\t\t\t.fb_iframe_widget_fluid_desktop iframe {\n\t\t\t    width: 100% !important;\n\t\t\t}\n\t\t  <\/style>\n\t\t  ","protected":false},"excerpt":{"rendered":"<p>La Secretar\u00eda de Deporte contin\u00faa dando a conocer a las y los representantes rionegrinos para la 17\u00b0 edici\u00f3n de los Juegos que tendr\u00e1n lugar en La Pampa. El evento tendr\u00e1 lugar desde este domingo 26 hasta el viernes primero de diciembre en Santa Rosa, Castex, General Pico y General Acha con la participaci\u00f3n de m\u00e1s [&hellip;]<\/p>\n","protected":false},"author":2,"featured_media":36404,"comment_status":"closed","ping_status":"closed","sticky":false,"template":"","format":"standard","meta":{"_joinchat":[],"footnotes":""},"categories":[39],"tags":[],"class_list":["post-36403","post","type-post","status-publish","format-standard","has-post-thumbnail","hentry","category-en-esta-seccion"],"_links":{"self":[{"href":"https:\/\/www.elpolitologoyelpolitico.com.ar\/wordpress\/wp-json\/wp\/v2\/posts\/36403","targetHints":{"allow":["GET"]}}],"collection":[{"href":"https:\/\/www.elpolitologoyelpolitico.com.ar\/wordpress\/wp-json\/wp\/v2\/posts"}],"about":[{"href":"https:\/\/www.elpolitologoyelpolitico.com.ar\/wordpress\/wp-json\/wp\/v2\/types\/post"}],"author":[{"embeddable":true,"href":"https:\/\/www.elpolitologoyelpolitico.com.ar\/wordpress\/wp-json\/wp\/v2\/users\/2"}],"replies":[{"embeddable":true,"href":"https:\/\/www.elpolitologoyelpolitico.com.ar\/wordpress\/wp-json\/wp\/v2\/comments?post=36403"}],"version-history":[{"count":1,"href":"https:\/\/www.elpolitologoyelpolitico.com.ar\/wordpress\/wp-json\/wp\/v2\/posts\/36403\/revisions"}],"predecessor-version":[{"id":36405,"href":"https:\/\/www.elpolitologoyelpolitico.com.ar\/wordpress\/wp-json\/wp\/v2\/posts\/36403\/revisions\/36405"}],"wp:featuredmedia":[{"embeddable":true,"href":"https:\/\/www.elpolitologoyelpolitico.com.ar\/wordpress\/wp-json\/wp\/v2\/media\/36404"}],"wp:attachment":[{"href":"https:\/\/www.elpolitologoyelpolitico.com.ar\/wordpress\/wp-json\/wp\/v2\/media?parent=36403"}],"wp:term":[{"taxonomy":"category","embeddable":true,"href":"https:\/\/www.elpolitologoyelpolitico.com.ar\/wordpress\/wp-json\/wp\/v2\/categories?post=36403"},{"taxonomy":"post_tag","embeddable":true,"href":"https:\/\/www.elpolitologoyelpolitico.com.ar\/wordpress\/wp-json\/wp\/v2\/tags?post=36403"}],"curies":[{"name":"wp","href":"https:\/\/api.w.org\/{rel}","templated":true}]}}