{"id":36397,"date":"2023-11-26T16:32:45","date_gmt":"2023-11-26T19:32:45","guid":{"rendered":"https:\/\/www.elpolitologoyelpolitico.com.ar\/wordpress\/?p=36397"},"modified":"2023-11-26T16:32:46","modified_gmt":"2023-11-26T19:32:46","slug":"zara-recorrio-la-obra-recien-finalizada-del-pavimento-en-el-boulevard-celedonio-miguel","status":"publish","type":"post","link":"https:\/\/www.elpolitologoyelpolitico.com.ar\/wordpress\/2023\/11\/26\/zara-recorrio-la-obra-recien-finalizada-del-pavimento-en-el-boulevard-celedonio-miguel\/","title":{"rendered":"Zara recorri\u00f3 la obra recien finalizada del pavimento en el boulevard Celedonio Miguel"},"content":{"rendered":"\n<p>El Intendente Municipal, Ing. Jos\u00e9 Luis Zara, recorri\u00f3 la obra de pavimentaci\u00f3n que acaba de finalizar en el boulevard Celedonio Miguel, de Carmen de Patagones.<\/p>\n\n\n\n<p>Estuvo acompa\u00f1ado por funcionarios municipales de distintas \u00e1reas y aprovech\u00f3 la oportunidad para dialogar en el lugar medios de prensa.<\/p>\n\n\n\n<p>Cabe se\u00f1alar que la obra finaliz\u00f3 ayer y se trata de la primera etapa, que consisti\u00f3 en el acondicionamiento del suelo y posterior pavimentaci\u00f3n.<\/p>\n\n\n\n<p>Esta instancia se extiendi\u00f3 desde la rotonda de la Avenida Per\u00f3n hasta la calle Domingo de Oro, con una extensi\u00f3n de seis cuadras dobles (alrededor de 12. 285 metros cuadrados).<\/p>\n\n\n\n<figure class=\"wp-block-image size-large\"><img fetchpriority=\"high\" decoding=\"async\" width=\"576\" height=\"1024\" src=\"https:\/\/www.elpolitologoyelpolitico.com.ar\/wp-content\/uploads\/2023\/11\/FB_IMG_1701027015024-576x1024.jpg\" alt=\"\" class=\"wp-image-36400\" srcset=\"https:\/\/www.elpolitologoyelpolitico.com.ar\/wp-content\/uploads\/2023\/11\/FB_IMG_1701027015024-576x1024.jpg 576w, https:\/\/www.elpolitologoyelpolitico.com.ar\/wp-content\/uploads\/2023\/11\/FB_IMG_1701027015024-169x300.jpg 169w, https:\/\/www.elpolitologoyelpolitico.com.ar\/wp-content\/uploads\/2023\/11\/FB_IMG_1701027015024.jpg 720w\" sizes=\"(max-width: 576px) 100vw, 576px\" \/><\/figure>\n\n\n\n<figure class=\"wp-block-image size-large\"><img decoding=\"async\" width=\"1024\" height=\"576\" src=\"https:\/\/www.elpolitologoyelpolitico.com.ar\/wp-content\/uploads\/2023\/11\/FB_IMG_1701027057291-1024x576.jpg\" alt=\"\" class=\"wp-image-36401\" srcset=\"https:\/\/www.elpolitologoyelpolitico.com.ar\/wp-content\/uploads\/2023\/11\/FB_IMG_1701027057291-1024x576.jpg 1024w, https:\/\/www.elpolitologoyelpolitico.com.ar\/wp-content\/uploads\/2023\/11\/FB_IMG_1701027057291-300x169.jpg 300w, https:\/\/www.elpolitologoyelpolitico.com.ar\/wp-content\/uploads\/2023\/11\/FB_IMG_1701027057291-768x432.jpg 768w, https:\/\/www.elpolitologoyelpolitico.com.ar\/wp-content\/uploads\/2023\/11\/FB_IMG_1701027057291.jpg 1080w\" sizes=\"(max-width: 1024px) 100vw, 1024px\" \/><\/figure>\n<div class=\"fb-background-color\">\n\t\t\t  <div \n\t\t\t  \tclass = \"fb-comments\" \n\t\t\t  \tdata-href = \"https:\/\/www.elpolitologoyelpolitico.com.ar\/wordpress\/2023\/11\/26\/zara-recorrio-la-obra-recien-finalizada-del-pavimento-en-el-boulevard-celedonio-miguel\/\"\n\t\t\t  \tdata-numposts = \"10\"\n\t\t\t  \tdata-lazy = \"true\"\n\t\t\t\tdata-colorscheme = \"light\"\n\t\t\t\tdata-order-by = \"social\"\n\t\t\t\tdata-mobile=true>\n\t\t\t  <\/div><\/div>\n\t\t  <style>\n\t\t    .fb-background-color {\n\t\t\t\tbackground: #ffffff !important;\n\t\t\t}\n\t\t\t.fb_iframe_widget_fluid_desktop iframe {\n\t\t\t    width: 100% !important;\n\t\t\t}\n\t\t  <\/style>\n\t\t  ","protected":false},"excerpt":{"rendered":"<p>El Intendente Municipal, Ing. Jos\u00e9 Luis Zara, recorri\u00f3 la obra de pavimentaci\u00f3n que acaba de finalizar en el boulevard Celedonio Miguel, de Carmen de Patagones. Estuvo acompa\u00f1ado por funcionarios municipales de distintas \u00e1reas y aprovech\u00f3 la oportunidad para dialogar en el lugar medios de prensa. Cabe se\u00f1alar que la obra finaliz\u00f3 ayer y se trata [&hellip;]<\/p>\n","protected":false},"author":2,"featured_media":36398,"comment_status":"closed","ping_status":"closed","sticky":false,"template":"","format":"standard","meta":{"_joinchat":[],"footnotes":""},"categories":[4],"tags":[],"class_list":["post-36397","post","type-post","status-publish","format-standard","has-post-thumbnail","hentry","category-politicas-publicas"],"_links":{"self":[{"href":"https:\/\/www.elpolitologoyelpolitico.com.ar\/wordpress\/wp-json\/wp\/v2\/posts\/36397","targetHints":{"allow":["GET"]}}],"collection":[{"href":"https:\/\/www.elpolitologoyelpolitico.com.ar\/wordpress\/wp-json\/wp\/v2\/posts"}],"about":[{"href":"https:\/\/www.elpolitologoyelpolitico.com.ar\/wordpress\/wp-json\/wp\/v2\/types\/post"}],"author":[{"embeddable":true,"href":"https:\/\/www.elpolitologoyelpolitico.com.ar\/wordpress\/wp-json\/wp\/v2\/users\/2"}],"replies":[{"embeddable":true,"href":"https:\/\/www.elpolitologoyelpolitico.com.ar\/wordpress\/wp-json\/wp\/v2\/comments?post=36397"}],"version-history":[{"count":1,"href":"https:\/\/www.elpolitologoyelpolitico.com.ar\/wordpress\/wp-json\/wp\/v2\/posts\/36397\/revisions"}],"predecessor-version":[{"id":36402,"href":"https:\/\/www.elpolitologoyelpolitico.com.ar\/wordpress\/wp-json\/wp\/v2\/posts\/36397\/revisions\/36402"}],"wp:featuredmedia":[{"embeddable":true,"href":"https:\/\/www.elpolitologoyelpolitico.com.ar\/wordpress\/wp-json\/wp\/v2\/media\/36398"}],"wp:attachment":[{"href":"https:\/\/www.elpolitologoyelpolitico.com.ar\/wordpress\/wp-json\/wp\/v2\/media?parent=36397"}],"wp:term":[{"taxonomy":"category","embeddable":true,"href":"https:\/\/www.elpolitologoyelpolitico.com.ar\/wordpress\/wp-json\/wp\/v2\/categories?post=36397"},{"taxonomy":"post_tag","embeddable":true,"href":"https:\/\/www.elpolitologoyelpolitico.com.ar\/wordpress\/wp-json\/wp\/v2\/tags?post=36397"}],"curies":[{"name":"wp","href":"https:\/\/api.w.org\/{rel}","templated":true}]}}