{"id":3639,"date":"2021-05-31T20:39:34","date_gmt":"2021-05-31T20:39:34","guid":{"rendered":"https:\/\/www.elpolitologoyelpolitico.com.ar\/wordpress\/?p=3639"},"modified":"2021-05-31T20:42:31","modified_gmt":"2021-05-31T20:42:31","slug":"lo-confirmo-la-gobernadora-carreras-el-30-de-junio-se-entregaran-64-nuevas-viviendas-en-bariloche","status":"publish","type":"post","link":"https:\/\/www.elpolitologoyelpolitico.com.ar\/wordpress\/2021\/05\/31\/lo-confirmo-la-gobernadora-carreras-el-30-de-junio-se-entregaran-64-nuevas-viviendas-en-bariloche\/","title":{"rendered":"Lo confirm\u00f3 la gobernadora Carreras: El 30 de junio se entregar\u00e1n 64 nuevas viviendas en Bariloche"},"content":{"rendered":"\t\t<div data-elementor-type=\"wp-post\" data-elementor-id=\"3639\" class=\"elementor elementor-3639\">\n\t\t\t\t\t\t<section class=\"elementor-section elementor-top-section elementor-element elementor-element-576c03d6 elementor-section-boxed elementor-section-height-default elementor-section-height-default\" data-id=\"576c03d6\" data-element_type=\"section\" data-e-type=\"section\">\n\t\t\t\t\t\t<div class=\"elementor-container elementor-column-gap-default\">\n\t\t\t\t\t<div class=\"elementor-column elementor-col-100 elementor-top-column elementor-element elementor-element-651fddea\" data-id=\"651fddea\" data-element_type=\"column\" data-e-type=\"column\">\n\t\t\t<div class=\"elementor-widget-wrap elementor-element-populated\">\n\t\t\t\t\t\t<div class=\"elementor-element elementor-element-664dbe73 elementor-widget elementor-widget-text-editor\" data-id=\"664dbe73\" data-element_type=\"widget\" data-e-type=\"widget\" data-widget_type=\"text-editor.default\">\n\t\t\t\t<div class=\"elementor-widget-container\">\n\t\t\t\t\t\t\t\t\t<p><\/p>\n<h4 class=\"wp-block-heading\">La Gobernadora, Arabela Carreras, anunci\u00f3 que el pr\u00f3ximo 30 de junio se entregar\u00e1n 64 viviendas en la zona de Altos del Este, en San Carlos de Bariloche. <\/h4>\n<h5>Son unidades que pertenec\u00edan el ex Plan Techo Digno y beneficiar\u00e1n casi en su totalidad al sindicato municipal SOYEM.<\/h5>\n<p><\/p>\n<p><\/p>\n<p>\u201cEl Gobierno de R\u00edo Negro, incluso en plena pandemia y con un contexto econ\u00f3mico dif\u00edcil, sostuvo la obra p\u00fablica con estrictos cuidados, y sigue construyendo y entregando viviendas. Brindamos soluciones a una de las principales problem\u00e1ticas de nuestros vecinos y vecinas\u201d, resalt\u00f3 Carreras.<\/p>\n<p><\/p>\n<p><\/p>\n<p>Construidas a trav\u00e9s del IPPV, son viviendas dise\u00f1adas especialmente para la Zona Andina, que cumplen con requerimientos t\u00e9cnicos acordes a las condiciones clim\u00e1ticas. Cuentan con terminaciones exteriores de siding y chapa, y adem\u00e1s la construcci\u00f3n es mixta de tradicional y en seco, lo que permite seguir trabajando incluso con bajas temperaturas.<\/p>\n<p><\/p>\n<p><\/p>\n<p>Las viviendas tienen 60m2 cubiertos, con dos dormitorios, cocina, ba\u00f1o y lavadero, y est\u00e1n asentadas en terrenos de 300 m2. Cuentan con las instalaciones interiores completas de agua, gas y electricidad, incluyendo artefactos, grifer\u00edas y otros accesorios. La Provincia, a trav\u00e9s del Ministerio de Obras y Servicios P\u00fablicos, sostuvo la obra p\u00fablica con fuerte protocolos sanitarios, lo que permiti\u00f3 continuar con la construcci\u00f3n de unas 1.200 viviendas y la presentaci\u00f3n de proyectos ante Naci\u00f3n por otras 1.700 m\u00e1s.<\/p>\n<p><\/p>\t\t\t\t\t\t\t\t<\/div>\n\t\t\t\t<\/div>\n\t\t\t\t\t<\/div>\n\t\t<\/div>\n\t\t\t\t\t<\/div>\n\t\t<\/section>\n\t\t\t\t<\/div>\n\t\t<div class=\"fb-background-color\">\n\t\t\t  <div \n\t\t\t  \tclass = \"fb-comments\" \n\t\t\t  \tdata-href = \"https:\/\/www.elpolitologoyelpolitico.com.ar\/wordpress\/2021\/05\/31\/lo-confirmo-la-gobernadora-carreras-el-30-de-junio-se-entregaran-64-nuevas-viviendas-en-bariloche\/\"\n\t\t\t  \tdata-numposts = \"10\"\n\t\t\t  \tdata-lazy = \"true\"\n\t\t\t\tdata-colorscheme = \"light\"\n\t\t\t\tdata-order-by = \"social\"\n\t\t\t\tdata-mobile=true>\n\t\t\t  <\/div><\/div>\n\t\t  <style>\n\t\t    .fb-background-color {\n\t\t\t\tbackground: #ffffff !important;\n\t\t\t}\n\t\t\t.fb_iframe_widget_fluid_desktop iframe {\n\t\t\t    width: 100% !important;\n\t\t\t}\n\t\t  <\/style>\n\t\t  ","protected":false},"excerpt":{"rendered":"<p>La Gobernadora, Arabela Carreras, anunci\u00f3 que el pr\u00f3ximo 30 de junio se entregar\u00e1n 64 viviendas en la zona de Altos del Este, en San Carlos de Bariloche. Son unidades que pertenec\u00edan el ex Plan Techo Digno y beneficiar\u00e1n casi en su totalidad al sindicato municipal SOYEM. \u201cEl Gobierno de R\u00edo Negro, incluso en plena pandemia [&hellip;]<\/p>\n","protected":false},"author":4,"featured_media":3640,"comment_status":"closed","ping_status":"closed","sticky":false,"template":"","format":"standard","meta":{"_joinchat":[],"footnotes":""},"categories":[4],"tags":[],"class_list":["post-3639","post","type-post","status-publish","format-standard","has-post-thumbnail","hentry","category-politicas-publicas"],"_links":{"self":[{"href":"https:\/\/www.elpolitologoyelpolitico.com.ar\/wordpress\/wp-json\/wp\/v2\/posts\/3639","targetHints":{"allow":["GET"]}}],"collection":[{"href":"https:\/\/www.elpolitologoyelpolitico.com.ar\/wordpress\/wp-json\/wp\/v2\/posts"}],"about":[{"href":"https:\/\/www.elpolitologoyelpolitico.com.ar\/wordpress\/wp-json\/wp\/v2\/types\/post"}],"author":[{"embeddable":true,"href":"https:\/\/www.elpolitologoyelpolitico.com.ar\/wordpress\/wp-json\/wp\/v2\/users\/4"}],"replies":[{"embeddable":true,"href":"https:\/\/www.elpolitologoyelpolitico.com.ar\/wordpress\/wp-json\/wp\/v2\/comments?post=3639"}],"version-history":[{"count":0,"href":"https:\/\/www.elpolitologoyelpolitico.com.ar\/wordpress\/wp-json\/wp\/v2\/posts\/3639\/revisions"}],"wp:featuredmedia":[{"embeddable":true,"href":"https:\/\/www.elpolitologoyelpolitico.com.ar\/wordpress\/wp-json\/wp\/v2\/media\/3640"}],"wp:attachment":[{"href":"https:\/\/www.elpolitologoyelpolitico.com.ar\/wordpress\/wp-json\/wp\/v2\/media?parent=3639"}],"wp:term":[{"taxonomy":"category","embeddable":true,"href":"https:\/\/www.elpolitologoyelpolitico.com.ar\/wordpress\/wp-json\/wp\/v2\/categories?post=3639"},{"taxonomy":"post_tag","embeddable":true,"href":"https:\/\/www.elpolitologoyelpolitico.com.ar\/wordpress\/wp-json\/wp\/v2\/tags?post=3639"}],"curies":[{"name":"wp","href":"https:\/\/api.w.org\/{rel}","templated":true}]}}