{"id":36387,"date":"2023-11-26T10:37:30","date_gmt":"2023-11-26T13:37:30","guid":{"rendered":"https:\/\/www.elpolitologoyelpolitico.com.ar\/wordpress\/?p=36387"},"modified":"2023-11-26T10:37:32","modified_gmt":"2023-11-26T13:37:32","slug":"referentes-del-espacio-que-encabeza-javier-milei-se-reunieron-en-las-grutas","status":"publish","type":"post","link":"https:\/\/www.elpolitologoyelpolitico.com.ar\/wordpress\/2023\/11\/26\/referentes-del-espacio-que-encabeza-javier-milei-se-reunieron-en-las-grutas\/","title":{"rendered":"Referentes del espacio que encabeza Javier Milei se reunieron en Las Grutas"},"content":{"rendered":"\n<p>Este s\u00e1bado se realiz\u00f3 en Las Grutas una reuni\u00f3n de referentes de toda la provincia de La Libertad Avanza, convocados por la diputada nacional electa Lorena Villaverde a fin de festejar el resultado de las elecciones nacionales y darle forma a la conformaci\u00f3n de la Junta Promotora del partido en jurisdicci\u00f3n de la provincia de R\u00edo Negro.<\/p>\n\n\n\n<p>El encuentro se desarroll\u00f3 en el predio que posee en el balneario, el C\u00edrculo de Legisladores y cont\u00f3 con la presencia de m\u00e1s de 200 referentes y militantes de diferentes puntos de la provincia, entre ellos las concejales electas de Primero R\u00edo Negro de Viedma, Ivi Franco y Antonela Crespo de Fern\u00e1ndez Oro, adem\u00e1s de Eugenia Direne de Cambia Valcheta, que decidieron sumarse al nuevo partido en formaci\u00f3n.<\/p>\n\n\n\n<p>La diputada nacional electa recibi\u00f3 a cada uno de ellos con un fuerte abrazo y les agradeci\u00f3 el incondicional aporte y el esfuerzo de estos meses que finaliz\u00f3 con el triunfo de Javier Milei.<\/p>\n\n\n\n<p>Al momento de los discursos y luego de las profundas palabras de agradecimiento y bendici\u00f3n del pastor Marco Bielma, que adem\u00e1s es secretario general del sindicato de la fruta y asesor espiritual de Villaverde, fue la propia legisladora electa la que visiblemente emocionada se dirigi\u00f3 a los presentes.<br>Comenz\u00f3 por agradecimientos a todos y a quienes no pudieron estar por \u201cel esfuerzo, la pasi\u00f3n, el compromiso y el amor que le pusieron, superando obst\u00e1culos y cumpliendo con el desaf\u00edo\u201d.<\/p>\n\n\n\n<p>Se\u00f1al\u00f3 que \u201clos \u00e9xitos y logros que conseguimos nos pertenecen a todos nosotros, y desde esa gratitud hoy me paro ante ustedes para hablar en nombre del Partido de La Libertad Avanza R\u00edo Negro, en nombre del partido de gobierno nacional, en nombre del presidente Javier Milei\u201d.<\/p>\n\n\n\n<p>Posteriormente anunci\u00f3 la conformaci\u00f3n de la Junta Promotora de La Libertad Avanza de R\u00edo Negro manifestando que \u201cque ser\u00e1 el sost\u00e9n de lo que vendr\u00e1, ratificando el compromiso de hacer una provincia y un pa\u00eds mejor para todos. La libertad no es una palabra; es el pilar fundamental que guiar\u00e1 cada una de nuestras acciones\u201d.<\/p>\n\n\n\n<p>Agreg\u00f3 que \u201cen este acto constitutivo, no solo estamos firmando el acta fundacional de un partido, sino que estamos dando forma a un compromiso conjunto, a una visi\u00f3n compartida de un futuro mejor para nuestra querida provincia\u201d.&nbsp;<\/p>\n\n\n\n<p>JUNTA PROMOTORA<br>La Junta Promotora ser\u00e1 presidida por Lorena Villaverde, ocupando la vicepresidencia Ariel Z\u00fa\u00f1iga. Se nomin\u00f3 a Mart\u00edn Iriarte como secretario de actas y Leonela Andreoli como secretaria general. Seguidamente fueron elegidos por unanimidad como autoridades promotoras Ariel Mart\u00edn, Santiago S\u00e1nchez, Esteban Alfonso, Fabyola Parra, Maximiliano Catriman y Walter Huenan.<br>Villaverde cerr\u00f3 el acto manifestando que \u201choy, iniciamos un cap\u00edtulo nuevo. Un cap\u00edtulo donde la libertad avanza, donde el cambio de ra\u00edz es una constante. Somos la referencia de ese empuje nacional que viene a cambiar la argentina y nuestra provincia para siempre\u201d.<\/p>\n\n\n\n<figure class=\"wp-block-image size-large\"><img fetchpriority=\"high\" decoding=\"async\" width=\"768\" height=\"1024\" src=\"https:\/\/www.elpolitologoyelpolitico.com.ar\/wp-content\/uploads\/2023\/11\/IMG-20231126-WA0010-768x1024.jpg\" alt=\"\" class=\"wp-image-36389\" srcset=\"https:\/\/www.elpolitologoyelpolitico.com.ar\/wp-content\/uploads\/2023\/11\/IMG-20231126-WA0010-768x1024.jpg 768w, https:\/\/www.elpolitologoyelpolitico.com.ar\/wp-content\/uploads\/2023\/11\/IMG-20231126-WA0010-225x300.jpg 225w, https:\/\/www.elpolitologoyelpolitico.com.ar\/wp-content\/uploads\/2023\/11\/IMG-20231126-WA0010-1152x1536.jpg 1152w, https:\/\/www.elpolitologoyelpolitico.com.ar\/wp-content\/uploads\/2023\/11\/IMG-20231126-WA0010.jpg 1200w\" sizes=\"(max-width: 768px) 100vw, 768px\" \/><\/figure>\n<div class=\"fb-background-color\">\n\t\t\t  <div \n\t\t\t  \tclass = \"fb-comments\" \n\t\t\t  \tdata-href = \"https:\/\/www.elpolitologoyelpolitico.com.ar\/wordpress\/2023\/11\/26\/referentes-del-espacio-que-encabeza-javier-milei-se-reunieron-en-las-grutas\/\"\n\t\t\t  \tdata-numposts = \"10\"\n\t\t\t  \tdata-lazy = \"true\"\n\t\t\t\tdata-colorscheme = \"light\"\n\t\t\t\tdata-order-by = \"social\"\n\t\t\t\tdata-mobile=true>\n\t\t\t  <\/div><\/div>\n\t\t  <style>\n\t\t    .fb-background-color {\n\t\t\t\tbackground: #ffffff !important;\n\t\t\t}\n\t\t\t.fb_iframe_widget_fluid_desktop iframe {\n\t\t\t    width: 100% !important;\n\t\t\t}\n\t\t  <\/style>\n\t\t  ","protected":false},"excerpt":{"rendered":"<p>Este s\u00e1bado se realiz\u00f3 en Las Grutas una reuni\u00f3n de referentes de toda la provincia de La Libertad Avanza, convocados por la diputada nacional electa Lorena Villaverde a fin de festejar el resultado de las elecciones nacionales y darle forma a la conformaci\u00f3n de la Junta Promotora del partido en jurisdicci\u00f3n de la provincia de [&hellip;]<\/p>\n","protected":false},"author":2,"featured_media":36388,"comment_status":"closed","ping_status":"closed","sticky":false,"template":"","format":"standard","meta":{"_joinchat":[],"footnotes":""},"categories":[5],"tags":[],"class_list":["post-36387","post","type-post","status-publish","format-standard","has-post-thumbnail","hentry","category-partidos-politicos"],"_links":{"self":[{"href":"https:\/\/www.elpolitologoyelpolitico.com.ar\/wordpress\/wp-json\/wp\/v2\/posts\/36387","targetHints":{"allow":["GET"]}}],"collection":[{"href":"https:\/\/www.elpolitologoyelpolitico.com.ar\/wordpress\/wp-json\/wp\/v2\/posts"}],"about":[{"href":"https:\/\/www.elpolitologoyelpolitico.com.ar\/wordpress\/wp-json\/wp\/v2\/types\/post"}],"author":[{"embeddable":true,"href":"https:\/\/www.elpolitologoyelpolitico.com.ar\/wordpress\/wp-json\/wp\/v2\/users\/2"}],"replies":[{"embeddable":true,"href":"https:\/\/www.elpolitologoyelpolitico.com.ar\/wordpress\/wp-json\/wp\/v2\/comments?post=36387"}],"version-history":[{"count":1,"href":"https:\/\/www.elpolitologoyelpolitico.com.ar\/wordpress\/wp-json\/wp\/v2\/posts\/36387\/revisions"}],"predecessor-version":[{"id":36390,"href":"https:\/\/www.elpolitologoyelpolitico.com.ar\/wordpress\/wp-json\/wp\/v2\/posts\/36387\/revisions\/36390"}],"wp:featuredmedia":[{"embeddable":true,"href":"https:\/\/www.elpolitologoyelpolitico.com.ar\/wordpress\/wp-json\/wp\/v2\/media\/36388"}],"wp:attachment":[{"href":"https:\/\/www.elpolitologoyelpolitico.com.ar\/wordpress\/wp-json\/wp\/v2\/media?parent=36387"}],"wp:term":[{"taxonomy":"category","embeddable":true,"href":"https:\/\/www.elpolitologoyelpolitico.com.ar\/wordpress\/wp-json\/wp\/v2\/categories?post=36387"},{"taxonomy":"post_tag","embeddable":true,"href":"https:\/\/www.elpolitologoyelpolitico.com.ar\/wordpress\/wp-json\/wp\/v2\/tags?post=36387"}],"curies":[{"name":"wp","href":"https:\/\/api.w.org\/{rel}","templated":true}]}}