{"id":36384,"date":"2023-11-24T22:07:56","date_gmt":"2023-11-25T01:07:56","guid":{"rendered":"https:\/\/www.elpolitologoyelpolitico.com.ar\/wordpress\/?p=36384"},"modified":"2023-11-24T22:07:57","modified_gmt":"2023-11-25T01:07:57","slug":"la-gobernadora-carreras-reglamento-la-ley-de-garantia-de-creditos-laborales","status":"publish","type":"post","link":"https:\/\/www.elpolitologoyelpolitico.com.ar\/wordpress\/2023\/11\/24\/la-gobernadora-carreras-reglamento-la-ley-de-garantia-de-creditos-laborales\/","title":{"rendered":"La Gobernadora Carreras reglament\u00f3 la Ley de Garant\u00eda de Cr\u00e9ditos Laborales"},"content":{"rendered":"\n<p>La Gobernadora Arabela Carreras reglament\u00f3, a trav\u00e9s del Decreto 1313\/23, la Ley de Garant\u00eda de Cr\u00e9ditos Laborales en las obras p\u00fablicas del Estado provincial, mediante la cual se busca proteger los intereses de trabajadoras y trabajadores afectados a la realizaci\u00f3n de la Obra P\u00fablica.<\/p>\n\n\n\n<p>La Ley N\u00ba 5624, sancionada por la Legislatura provincial, establece un mecanismo de protecci\u00f3n de los trabajadores y trabajadoras que se encuentran afectados a las obras p\u00fablicas que lleva adelante la Provincia ante situaciones de irregularidad en el cobro de sus salarios, y\/o posibles deudas de cr\u00e9ditos laborales por parte de las empresas empleadoras.<\/p>\n\n\n\n<p>El Decreto establece el procedimiento para la aplicaci\u00f3n de la ley, marcando que el mismo se puede iniciar mediante reclamo individual o plurindividual de las y los trabajadores; al tiempo que puede iniciarse a trav\u00e9s del reclamo colectivo que efect\u00fae el gremio correspondiente.<\/p>\n\n\n\n<p>En este sentido, se define tambi\u00e9n que el reclamo puede ser interpuesto ante la dependencia del lugar donde se desarrolla o desarroll\u00f3 la relaci\u00f3n laboral, del lugar de la celebraci\u00f3n del contrato, del domicilio del reclamante o reclamado, siempre en el territorio provincial.<\/p>\n<div class=\"fb-background-color\">\n\t\t\t  <div \n\t\t\t  \tclass = \"fb-comments\" \n\t\t\t  \tdata-href = \"https:\/\/www.elpolitologoyelpolitico.com.ar\/wordpress\/2023\/11\/24\/la-gobernadora-carreras-reglamento-la-ley-de-garantia-de-creditos-laborales\/\"\n\t\t\t  \tdata-numposts = \"10\"\n\t\t\t  \tdata-lazy = \"true\"\n\t\t\t\tdata-colorscheme = \"light\"\n\t\t\t\tdata-order-by = \"social\"\n\t\t\t\tdata-mobile=true>\n\t\t\t  <\/div><\/div>\n\t\t  <style>\n\t\t    .fb-background-color {\n\t\t\t\tbackground: #ffffff !important;\n\t\t\t}\n\t\t\t.fb_iframe_widget_fluid_desktop iframe {\n\t\t\t    width: 100% !important;\n\t\t\t}\n\t\t  <\/style>\n\t\t  ","protected":false},"excerpt":{"rendered":"<p>La Gobernadora Arabela Carreras reglament\u00f3, a trav\u00e9s del Decreto 1313\/23, la Ley de Garant\u00eda de Cr\u00e9ditos Laborales en las obras p\u00fablicas del Estado provincial, mediante la cual se busca proteger los intereses de trabajadoras y trabajadores afectados a la realizaci\u00f3n de la Obra P\u00fablica. La Ley N\u00ba 5624, sancionada por la Legislatura provincial, establece un [&hellip;]<\/p>\n","protected":false},"author":4,"featured_media":36385,"comment_status":"closed","ping_status":"closed","sticky":false,"template":"","format":"standard","meta":{"_joinchat":[],"footnotes":""},"categories":[39],"tags":[],"class_list":["post-36384","post","type-post","status-publish","format-standard","has-post-thumbnail","hentry","category-en-esta-seccion"],"_links":{"self":[{"href":"https:\/\/www.elpolitologoyelpolitico.com.ar\/wordpress\/wp-json\/wp\/v2\/posts\/36384","targetHints":{"allow":["GET"]}}],"collection":[{"href":"https:\/\/www.elpolitologoyelpolitico.com.ar\/wordpress\/wp-json\/wp\/v2\/posts"}],"about":[{"href":"https:\/\/www.elpolitologoyelpolitico.com.ar\/wordpress\/wp-json\/wp\/v2\/types\/post"}],"author":[{"embeddable":true,"href":"https:\/\/www.elpolitologoyelpolitico.com.ar\/wordpress\/wp-json\/wp\/v2\/users\/4"}],"replies":[{"embeddable":true,"href":"https:\/\/www.elpolitologoyelpolitico.com.ar\/wordpress\/wp-json\/wp\/v2\/comments?post=36384"}],"version-history":[{"count":1,"href":"https:\/\/www.elpolitologoyelpolitico.com.ar\/wordpress\/wp-json\/wp\/v2\/posts\/36384\/revisions"}],"predecessor-version":[{"id":36386,"href":"https:\/\/www.elpolitologoyelpolitico.com.ar\/wordpress\/wp-json\/wp\/v2\/posts\/36384\/revisions\/36386"}],"wp:featuredmedia":[{"embeddable":true,"href":"https:\/\/www.elpolitologoyelpolitico.com.ar\/wordpress\/wp-json\/wp\/v2\/media\/36385"}],"wp:attachment":[{"href":"https:\/\/www.elpolitologoyelpolitico.com.ar\/wordpress\/wp-json\/wp\/v2\/media?parent=36384"}],"wp:term":[{"taxonomy":"category","embeddable":true,"href":"https:\/\/www.elpolitologoyelpolitico.com.ar\/wordpress\/wp-json\/wp\/v2\/categories?post=36384"},{"taxonomy":"post_tag","embeddable":true,"href":"https:\/\/www.elpolitologoyelpolitico.com.ar\/wordpress\/wp-json\/wp\/v2\/tags?post=36384"}],"curies":[{"name":"wp","href":"https:\/\/api.w.org\/{rel}","templated":true}]}}