{"id":36380,"date":"2023-11-24T21:53:28","date_gmt":"2023-11-25T00:53:28","guid":{"rendered":"https:\/\/www.elpolitologoyelpolitico.com.ar\/wordpress\/?p=36380"},"modified":"2023-11-24T21:53:29","modified_gmt":"2023-11-25T00:53:29","slug":"el-personal-de-la-dinag-se-capacito-a-traves-del-programa-tu-corazon-en-mis-manos","status":"publish","type":"post","link":"https:\/\/www.elpolitologoyelpolitico.com.ar\/wordpress\/2023\/11\/24\/el-personal-de-la-dinag-se-capacito-a-traves-del-programa-tu-corazon-en-mis-manos\/","title":{"rendered":"El personal de la DINAG se capacit\u00f3 a trav\u00e9s del programa \u00abTu coraz\u00f3n en mis manos\u00bb"},"content":{"rendered":"\n<p>Contin\u00faan las charlas del programa \u00abTu coraz\u00f3n en mis manos\u00bb. En esta ocasi\u00f3n, se capacit\u00f3 al personal de la Direcci\u00f3n de Ni\u00f1ez, Adolescencia, G\u00e9nero y Juventud.<\/p>\n\n\n\n<p>Estuvo presente la Directora del \u00e1rea, Jorgelina Castronovo.<\/p>\n\n\n\n<p>El curso, cuyo contenido fue diagramado a trav\u00e9s del trabajo en conjunto entre la Secretar\u00eda de Salud, a trav\u00e9s del \u00e1rea de Coordinaci\u00f3n de Programas Sanitarios, la Direcci\u00f3n de Deportes y el \u00e1rea de Defensa Civil, incluy\u00f3 la capacitaci\u00f3n te\u00f3rica y pr\u00e1ctica de t\u00e9cnicas de RCP, primeros auxilios y maniobra de Heimlich.<\/p>\n<div class=\"fb-background-color\">\n\t\t\t  <div \n\t\t\t  \tclass = \"fb-comments\" \n\t\t\t  \tdata-href = \"https:\/\/www.elpolitologoyelpolitico.com.ar\/wordpress\/2023\/11\/24\/el-personal-de-la-dinag-se-capacito-a-traves-del-programa-tu-corazon-en-mis-manos\/\"\n\t\t\t  \tdata-numposts = \"10\"\n\t\t\t  \tdata-lazy = \"true\"\n\t\t\t\tdata-colorscheme = \"light\"\n\t\t\t\tdata-order-by = \"social\"\n\t\t\t\tdata-mobile=true>\n\t\t\t  <\/div><\/div>\n\t\t  <style>\n\t\t    .fb-background-color {\n\t\t\t\tbackground: #ffffff !important;\n\t\t\t}\n\t\t\t.fb_iframe_widget_fluid_desktop iframe {\n\t\t\t    width: 100% !important;\n\t\t\t}\n\t\t  <\/style>\n\t\t  ","protected":false},"excerpt":{"rendered":"<p>Contin\u00faan las charlas del programa \u00abTu coraz\u00f3n en mis manos\u00bb. En esta ocasi\u00f3n, se capacit\u00f3 al personal de la Direcci\u00f3n de Ni\u00f1ez, Adolescencia, G\u00e9nero y Juventud. Estuvo presente la Directora del \u00e1rea, Jorgelina Castronovo. El curso, cuyo contenido fue diagramado a trav\u00e9s del trabajo en conjunto entre la Secretar\u00eda de Salud, a trav\u00e9s del \u00e1rea [&hellip;]<\/p>\n","protected":false},"author":4,"featured_media":36382,"comment_status":"closed","ping_status":"closed","sticky":false,"template":"","format":"standard","meta":{"_joinchat":[],"footnotes":""},"categories":[4],"tags":[],"class_list":["post-36380","post","type-post","status-publish","format-standard","has-post-thumbnail","hentry","category-politicas-publicas"],"_links":{"self":[{"href":"https:\/\/www.elpolitologoyelpolitico.com.ar\/wordpress\/wp-json\/wp\/v2\/posts\/36380","targetHints":{"allow":["GET"]}}],"collection":[{"href":"https:\/\/www.elpolitologoyelpolitico.com.ar\/wordpress\/wp-json\/wp\/v2\/posts"}],"about":[{"href":"https:\/\/www.elpolitologoyelpolitico.com.ar\/wordpress\/wp-json\/wp\/v2\/types\/post"}],"author":[{"embeddable":true,"href":"https:\/\/www.elpolitologoyelpolitico.com.ar\/wordpress\/wp-json\/wp\/v2\/users\/4"}],"replies":[{"embeddable":true,"href":"https:\/\/www.elpolitologoyelpolitico.com.ar\/wordpress\/wp-json\/wp\/v2\/comments?post=36380"}],"version-history":[{"count":1,"href":"https:\/\/www.elpolitologoyelpolitico.com.ar\/wordpress\/wp-json\/wp\/v2\/posts\/36380\/revisions"}],"predecessor-version":[{"id":36383,"href":"https:\/\/www.elpolitologoyelpolitico.com.ar\/wordpress\/wp-json\/wp\/v2\/posts\/36380\/revisions\/36383"}],"wp:featuredmedia":[{"embeddable":true,"href":"https:\/\/www.elpolitologoyelpolitico.com.ar\/wordpress\/wp-json\/wp\/v2\/media\/36382"}],"wp:attachment":[{"href":"https:\/\/www.elpolitologoyelpolitico.com.ar\/wordpress\/wp-json\/wp\/v2\/media?parent=36380"}],"wp:term":[{"taxonomy":"category","embeddable":true,"href":"https:\/\/www.elpolitologoyelpolitico.com.ar\/wordpress\/wp-json\/wp\/v2\/categories?post=36380"},{"taxonomy":"post_tag","embeddable":true,"href":"https:\/\/www.elpolitologoyelpolitico.com.ar\/wordpress\/wp-json\/wp\/v2\/tags?post=36380"}],"curies":[{"name":"wp","href":"https:\/\/api.w.org\/{rel}","templated":true}]}}