{"id":36373,"date":"2023-11-23T23:00:44","date_gmt":"2023-11-24T02:00:44","guid":{"rendered":"https:\/\/www.elpolitologoyelpolitico.com.ar\/wordpress\/?p=36373"},"modified":"2023-11-23T23:00:45","modified_gmt":"2023-11-24T02:00:45","slug":"patricia-bullrich-sera-la-ministra-de-seguridad-en-el-gobierno-de-javier-milei","status":"publish","type":"post","link":"https:\/\/www.elpolitologoyelpolitico.com.ar\/wordpress\/2023\/11\/23\/patricia-bullrich-sera-la-ministra-de-seguridad-en-el-gobierno-de-javier-milei\/","title":{"rendered":"Patricia Bullrich ser\u00e1 la Ministra de Seguridad en el gobierno de Javier Milei"},"content":{"rendered":"\n<p>La titular del PRO finalmente acept\u00f3 volver al ministro que condujo en la gesti\u00f3n de Mauricio Macri.<\/p>\n\n\n\n<p>Como parte de los acuerdos alcanzados en el \u201cpacto de Acassuso\u201d,&nbsp;Patricia Bullrich&nbsp;acept\u00f3 la oferta de Javier Milei de volver a conducir el&nbsp;Ministerio de Seguridad&nbsp;desde el 10 de diciembre.<\/p>\n\n\n\n<p>La ex candidata presidencial hab\u00eda dicho que no quer\u00eda regresar, pero finalmente decidi\u00f3 hacerlo sobre la base de la necesidad de&nbsp;afianzar&nbsp;la alianza pol\u00edtica con La Libertad Avanza.<\/p>\n\n\n\n<p>La titular del PRO admiti\u00f3 que&nbsp;rechaza&nbsp;la posible&nbsp;fusi\u00f3n&nbsp;de Seguridad y Defensa, como impulsaban algunos sectores de La Libertad Avanza cercanos a la vicepresidenta electa,&nbsp;Victoria Villarruel.<\/p>\n\n\n\n<p>Bullrich fue ministra de Seguridad entre 2015 y 2019 durante el gobierno de Mauricio Macri.<\/p>\n<div class=\"fb-background-color\">\n\t\t\t  <div \n\t\t\t  \tclass = \"fb-comments\" \n\t\t\t  \tdata-href = \"https:\/\/www.elpolitologoyelpolitico.com.ar\/wordpress\/2023\/11\/23\/patricia-bullrich-sera-la-ministra-de-seguridad-en-el-gobierno-de-javier-milei\/\"\n\t\t\t  \tdata-numposts = \"10\"\n\t\t\t  \tdata-lazy = \"true\"\n\t\t\t\tdata-colorscheme = \"light\"\n\t\t\t\tdata-order-by = \"social\"\n\t\t\t\tdata-mobile=true>\n\t\t\t  <\/div><\/div>\n\t\t  <style>\n\t\t    .fb-background-color {\n\t\t\t\tbackground: #ffffff !important;\n\t\t\t}\n\t\t\t.fb_iframe_widget_fluid_desktop iframe {\n\t\t\t    width: 100% !important;\n\t\t\t}\n\t\t  <\/style>\n\t\t  ","protected":false},"excerpt":{"rendered":"<p>La titular del PRO finalmente acept\u00f3 volver al ministro que condujo en la gesti\u00f3n de Mauricio Macri. Como parte de los acuerdos alcanzados en el \u201cpacto de Acassuso\u201d,&nbsp;Patricia Bullrich&nbsp;acept\u00f3 la oferta de Javier Milei de volver a conducir el&nbsp;Ministerio de Seguridad&nbsp;desde el 10 de diciembre. La ex candidata presidencial hab\u00eda dicho que no quer\u00eda regresar, [&hellip;]<\/p>\n","protected":false},"author":4,"featured_media":36374,"comment_status":"closed","ping_status":"closed","sticky":false,"template":"","format":"standard","meta":{"_joinchat":[],"footnotes":""},"categories":[39],"tags":[],"class_list":["post-36373","post","type-post","status-publish","format-standard","has-post-thumbnail","hentry","category-en-esta-seccion"],"_links":{"self":[{"href":"https:\/\/www.elpolitologoyelpolitico.com.ar\/wordpress\/wp-json\/wp\/v2\/posts\/36373","targetHints":{"allow":["GET"]}}],"collection":[{"href":"https:\/\/www.elpolitologoyelpolitico.com.ar\/wordpress\/wp-json\/wp\/v2\/posts"}],"about":[{"href":"https:\/\/www.elpolitologoyelpolitico.com.ar\/wordpress\/wp-json\/wp\/v2\/types\/post"}],"author":[{"embeddable":true,"href":"https:\/\/www.elpolitologoyelpolitico.com.ar\/wordpress\/wp-json\/wp\/v2\/users\/4"}],"replies":[{"embeddable":true,"href":"https:\/\/www.elpolitologoyelpolitico.com.ar\/wordpress\/wp-json\/wp\/v2\/comments?post=36373"}],"version-history":[{"count":1,"href":"https:\/\/www.elpolitologoyelpolitico.com.ar\/wordpress\/wp-json\/wp\/v2\/posts\/36373\/revisions"}],"predecessor-version":[{"id":36375,"href":"https:\/\/www.elpolitologoyelpolitico.com.ar\/wordpress\/wp-json\/wp\/v2\/posts\/36373\/revisions\/36375"}],"wp:featuredmedia":[{"embeddable":true,"href":"https:\/\/www.elpolitologoyelpolitico.com.ar\/wordpress\/wp-json\/wp\/v2\/media\/36374"}],"wp:attachment":[{"href":"https:\/\/www.elpolitologoyelpolitico.com.ar\/wordpress\/wp-json\/wp\/v2\/media?parent=36373"}],"wp:term":[{"taxonomy":"category","embeddable":true,"href":"https:\/\/www.elpolitologoyelpolitico.com.ar\/wordpress\/wp-json\/wp\/v2\/categories?post=36373"},{"taxonomy":"post_tag","embeddable":true,"href":"https:\/\/www.elpolitologoyelpolitico.com.ar\/wordpress\/wp-json\/wp\/v2\/tags?post=36373"}],"curies":[{"name":"wp","href":"https:\/\/api.w.org\/{rel}","templated":true}]}}