{"id":36365,"date":"2023-11-23T21:18:13","date_gmt":"2023-11-24T00:18:13","guid":{"rendered":"https:\/\/www.elpolitologoyelpolitico.com.ar\/wordpress\/?p=36365"},"modified":"2023-11-23T21:18:15","modified_gmt":"2023-11-24T00:18:15","slug":"donald-trump-llamo-a-javier-milei-para-felicitarlo-por-el-triunfo-en-el-balotaje-y-le-confirmo-que-viajara-a-argentina","status":"publish","type":"post","link":"https:\/\/www.elpolitologoyelpolitico.com.ar\/wordpress\/2023\/11\/23\/donald-trump-llamo-a-javier-milei-para-felicitarlo-por-el-triunfo-en-el-balotaje-y-le-confirmo-que-viajara-a-argentina\/","title":{"rendered":"Donald Trump llam\u00f3 a Javier Milei para felicitarlo por el triunfo en el balotaje y le confirm\u00f3 que viajar\u00e1 a Argentina"},"content":{"rendered":"\n<p>El ex mandatario de los Estados Unidos dijo que la victoria del dirigente de La Libertad Avanza \u201cest\u00e1 teniendo impacto mundial\u201d. El presidente electo viajar\u00e1 ma\u00f1ana a la ciudad de Nueva York.<\/p>\n\n\n\n<p>El expresidente de Estados Unidos Donald Trump llam\u00f3 en las \u00faltimas horas a&nbsp;Javier Milei&nbsp;para felicitarlo por el triunfo en el balotaje del domingo, y le dijo que ese resultado \u201cest\u00e1 teniendo impacto mundial\u201d. Adem\u00e1s, le confirm\u00f3 que viajar\u00e1 en los pr\u00f3ximos d\u00edas a Buenos Aires.<\/p>\n\n\n\n<p>La informaci\u00f3n la confirm\u00f3 primero el propio presidente electo al responder un mensaje en la red social X (antes Twitter) del periodista Luis Majul.<\/p>\n\n\n\n<p><em>Viaje confirmado a Estados Unidos<\/em><\/p>\n\n\n\n<p>Tras resultar electo, Milei hab\u00eda que antes de asumir viajar\u00eda a los Estados Unidos, hecho que&nbsp;se confirm\u00f3&nbsp;esta ma\u00f1ana: este viernes partir\u00e1 a New York para visitar la tumba del rabino&nbsp;Menachem Mendel Schneerson, conocido como \u201cel&nbsp;rebe&nbsp;de Lubavitch\u201d y considerado milagroso.<\/p>\n\n\n\n<p>Milei y una acotada comitiva abordar\u00e1 un Gulfstream V, matr\u00edcula LV-KAX, para emprender&nbsp;un viaje rel\u00e1mpago que tiene un sentido religioso&nbsp;para el presidente electo. Hace cuatro meses realiz\u00f3 el mismo periplo, y antes de asumir Milei decidi\u00f3 repetir la experiencia personal.<\/p>\n\n\n\n<p>En Washington conocieron que el futuro mandatario viajar\u00eda a Manhattan y&nbsp;ofrecieron una agenda de alt\u00edsimo nivel&nbsp;con la administraci\u00f3n de Joseph Biden. Los asesores diplom\u00e1ticos de Milei aconsejaron cumplir la agenda, pero el presidente -por ahora- opt\u00f3 por regresar a Buenos Aires el s\u00e1bado a la noche.<\/p>\n\n\n\n<p>La posibilidad de una corta estad\u00eda de trabajo en DC apareci\u00f3 despu\u00e9s del llamado que Biden formaliz\u00f3 frente a Milei para felicitar por su triunfo y poner en marcha una relaci\u00f3n personal hacia adelante. A diferencia de Alberto Fern\u00e1ndez, que mantuvo un v\u00ednculo en zigzag con Biden,\u00a0Milei apuesta a una relaci\u00f3n lineal y profunda con el Sal\u00f3n Oval.<\/p>\n\n\n\n<figure class=\"wp-block-image size-full\"><img fetchpriority=\"high\" decoding=\"async\" width=\"992\" height=\"558\" src=\"https:\/\/www.elpolitologoyelpolitico.com.ar\/wp-content\/uploads\/2023\/11\/IMG-20231123-WA0035.jpg\" alt=\"\" class=\"wp-image-36367\" srcset=\"https:\/\/www.elpolitologoyelpolitico.com.ar\/wp-content\/uploads\/2023\/11\/IMG-20231123-WA0035.jpg 992w, https:\/\/www.elpolitologoyelpolitico.com.ar\/wp-content\/uploads\/2023\/11\/IMG-20231123-WA0035-300x169.jpg 300w, https:\/\/www.elpolitologoyelpolitico.com.ar\/wp-content\/uploads\/2023\/11\/IMG-20231123-WA0035-768x432.jpg 768w\" sizes=\"(max-width: 992px) 100vw, 992px\" \/><\/figure>\n<div class=\"fb-background-color\">\n\t\t\t  <div \n\t\t\t  \tclass = \"fb-comments\" \n\t\t\t  \tdata-href = \"https:\/\/www.elpolitologoyelpolitico.com.ar\/wordpress\/2023\/11\/23\/donald-trump-llamo-a-javier-milei-para-felicitarlo-por-el-triunfo-en-el-balotaje-y-le-confirmo-que-viajara-a-argentina\/\"\n\t\t\t  \tdata-numposts = \"10\"\n\t\t\t  \tdata-lazy = \"true\"\n\t\t\t\tdata-colorscheme = \"light\"\n\t\t\t\tdata-order-by = \"social\"\n\t\t\t\tdata-mobile=true>\n\t\t\t  <\/div><\/div>\n\t\t  <style>\n\t\t    .fb-background-color {\n\t\t\t\tbackground: #ffffff !important;\n\t\t\t}\n\t\t\t.fb_iframe_widget_fluid_desktop iframe {\n\t\t\t    width: 100% !important;\n\t\t\t}\n\t\t  <\/style>\n\t\t  ","protected":false},"excerpt":{"rendered":"<p>El ex mandatario de los Estados Unidos dijo que la victoria del dirigente de La Libertad Avanza \u201cest\u00e1 teniendo impacto mundial\u201d. El presidente electo viajar\u00e1 ma\u00f1ana a la ciudad de Nueva York. El expresidente de Estados Unidos Donald Trump llam\u00f3 en las \u00faltimas horas a&nbsp;Javier Milei&nbsp;para felicitarlo por el triunfo en el balotaje del domingo, [&hellip;]<\/p>\n","protected":false},"author":4,"featured_media":36366,"comment_status":"closed","ping_status":"closed","sticky":false,"template":"","format":"standard","meta":{"_joinchat":[],"footnotes":""},"categories":[39],"tags":[],"class_list":["post-36365","post","type-post","status-publish","format-standard","has-post-thumbnail","hentry","category-en-esta-seccion"],"_links":{"self":[{"href":"https:\/\/www.elpolitologoyelpolitico.com.ar\/wordpress\/wp-json\/wp\/v2\/posts\/36365","targetHints":{"allow":["GET"]}}],"collection":[{"href":"https:\/\/www.elpolitologoyelpolitico.com.ar\/wordpress\/wp-json\/wp\/v2\/posts"}],"about":[{"href":"https:\/\/www.elpolitologoyelpolitico.com.ar\/wordpress\/wp-json\/wp\/v2\/types\/post"}],"author":[{"embeddable":true,"href":"https:\/\/www.elpolitologoyelpolitico.com.ar\/wordpress\/wp-json\/wp\/v2\/users\/4"}],"replies":[{"embeddable":true,"href":"https:\/\/www.elpolitologoyelpolitico.com.ar\/wordpress\/wp-json\/wp\/v2\/comments?post=36365"}],"version-history":[{"count":1,"href":"https:\/\/www.elpolitologoyelpolitico.com.ar\/wordpress\/wp-json\/wp\/v2\/posts\/36365\/revisions"}],"predecessor-version":[{"id":36368,"href":"https:\/\/www.elpolitologoyelpolitico.com.ar\/wordpress\/wp-json\/wp\/v2\/posts\/36365\/revisions\/36368"}],"wp:featuredmedia":[{"embeddable":true,"href":"https:\/\/www.elpolitologoyelpolitico.com.ar\/wordpress\/wp-json\/wp\/v2\/media\/36366"}],"wp:attachment":[{"href":"https:\/\/www.elpolitologoyelpolitico.com.ar\/wordpress\/wp-json\/wp\/v2\/media?parent=36365"}],"wp:term":[{"taxonomy":"category","embeddable":true,"href":"https:\/\/www.elpolitologoyelpolitico.com.ar\/wordpress\/wp-json\/wp\/v2\/categories?post=36365"},{"taxonomy":"post_tag","embeddable":true,"href":"https:\/\/www.elpolitologoyelpolitico.com.ar\/wordpress\/wp-json\/wp\/v2\/tags?post=36365"}],"curies":[{"name":"wp","href":"https:\/\/api.w.org\/{rel}","templated":true}]}}