{"id":36362,"date":"2023-11-23T14:46:08","date_gmt":"2023-11-23T17:46:08","guid":{"rendered":"https:\/\/www.elpolitologoyelpolitico.com.ar\/wordpress\/?p=36362"},"modified":"2023-11-23T14:46:10","modified_gmt":"2023-11-23T17:46:10","slug":"viedma-corte-y-desvio-de-transito-por-conexiones-cloacales","status":"publish","type":"post","link":"https:\/\/www.elpolitologoyelpolitico.com.ar\/wordpress\/2023\/11\/23\/viedma-corte-y-desvio-de-transito-por-conexiones-cloacales\/","title":{"rendered":"Viedma: corte y desv\u00edo de tr\u00e1nsito por conexiones cloacales"},"content":{"rendered":"\n<p>El Departamento Provincial de Aguas informa que, en el marco de una serie de obras que se est\u00e1n llevando adelante, se procedi\u00f3 a realizar el corte y desv\u00edo de tr\u00e1nsito de las calles Bv. Cont\u00edn, entre Moreno y Las Heras, y calle Las Heras y Bv. Cont\u00edn de la ciudad de Viedma.<\/p>\n\n\n\n<p>Se est\u00e1n realizando tareas de conexi\u00f3n, derivaci\u00f3n y desafectaci\u00f3n de la Estaci\u00f3n Elevadora N\u00b0 4, ubicada en la intersecci\u00f3n de las calles Cont\u00edn y Las Heras.<\/p>\n\n\n\n<p>Se ruega transitar con precauci\u00f3n por la zona, ya que dicho corte se extender\u00e1 por, al menos, diez d\u00edas corridos.<\/p>\n\n\n\n<p>En este sentido, se encuentra abierta al tr\u00e1nsito la calle Belgrano, entre JJ. Biedma y Bv. Cont\u00edn, aunque se recomienda circular con precauci\u00f3n hasta tanto se realice la capa de rodamiento.<\/p>\n<div class=\"fb-background-color\">\n\t\t\t  <div \n\t\t\t  \tclass = \"fb-comments\" \n\t\t\t  \tdata-href = \"https:\/\/www.elpolitologoyelpolitico.com.ar\/wordpress\/2023\/11\/23\/viedma-corte-y-desvio-de-transito-por-conexiones-cloacales\/\"\n\t\t\t  \tdata-numposts = \"10\"\n\t\t\t  \tdata-lazy = \"true\"\n\t\t\t\tdata-colorscheme = \"light\"\n\t\t\t\tdata-order-by = \"social\"\n\t\t\t\tdata-mobile=true>\n\t\t\t  <\/div><\/div>\n\t\t  <style>\n\t\t    .fb-background-color {\n\t\t\t\tbackground: #ffffff !important;\n\t\t\t}\n\t\t\t.fb_iframe_widget_fluid_desktop iframe {\n\t\t\t    width: 100% !important;\n\t\t\t}\n\t\t  <\/style>\n\t\t  ","protected":false},"excerpt":{"rendered":"<p>El Departamento Provincial de Aguas informa que, en el marco de una serie de obras que se est\u00e1n llevando adelante, se procedi\u00f3 a realizar el corte y desv\u00edo de tr\u00e1nsito de las calles Bv. Cont\u00edn, entre Moreno y Las Heras, y calle Las Heras y Bv. Cont\u00edn de la ciudad de Viedma. Se est\u00e1n realizando [&hellip;]<\/p>\n","protected":false},"author":4,"featured_media":36363,"comment_status":"closed","ping_status":"closed","sticky":false,"template":"","format":"standard","meta":{"_joinchat":[],"footnotes":""},"categories":[4],"tags":[],"class_list":["post-36362","post","type-post","status-publish","format-standard","has-post-thumbnail","hentry","category-politicas-publicas"],"_links":{"self":[{"href":"https:\/\/www.elpolitologoyelpolitico.com.ar\/wordpress\/wp-json\/wp\/v2\/posts\/36362","targetHints":{"allow":["GET"]}}],"collection":[{"href":"https:\/\/www.elpolitologoyelpolitico.com.ar\/wordpress\/wp-json\/wp\/v2\/posts"}],"about":[{"href":"https:\/\/www.elpolitologoyelpolitico.com.ar\/wordpress\/wp-json\/wp\/v2\/types\/post"}],"author":[{"embeddable":true,"href":"https:\/\/www.elpolitologoyelpolitico.com.ar\/wordpress\/wp-json\/wp\/v2\/users\/4"}],"replies":[{"embeddable":true,"href":"https:\/\/www.elpolitologoyelpolitico.com.ar\/wordpress\/wp-json\/wp\/v2\/comments?post=36362"}],"version-history":[{"count":1,"href":"https:\/\/www.elpolitologoyelpolitico.com.ar\/wordpress\/wp-json\/wp\/v2\/posts\/36362\/revisions"}],"predecessor-version":[{"id":36364,"href":"https:\/\/www.elpolitologoyelpolitico.com.ar\/wordpress\/wp-json\/wp\/v2\/posts\/36362\/revisions\/36364"}],"wp:featuredmedia":[{"embeddable":true,"href":"https:\/\/www.elpolitologoyelpolitico.com.ar\/wordpress\/wp-json\/wp\/v2\/media\/36363"}],"wp:attachment":[{"href":"https:\/\/www.elpolitologoyelpolitico.com.ar\/wordpress\/wp-json\/wp\/v2\/media?parent=36362"}],"wp:term":[{"taxonomy":"category","embeddable":true,"href":"https:\/\/www.elpolitologoyelpolitico.com.ar\/wordpress\/wp-json\/wp\/v2\/categories?post=36362"},{"taxonomy":"post_tag","embeddable":true,"href":"https:\/\/www.elpolitologoyelpolitico.com.ar\/wordpress\/wp-json\/wp\/v2\/tags?post=36362"}],"curies":[{"name":"wp","href":"https:\/\/api.w.org\/{rel}","templated":true}]}}