{"id":36354,"date":"2023-11-23T13:59:15","date_gmt":"2023-11-23T16:59:15","guid":{"rendered":"https:\/\/www.elpolitologoyelpolitico.com.ar\/wordpress\/?p=36354"},"modified":"2023-11-23T13:59:16","modified_gmt":"2023-11-23T16:59:16","slug":"en-villalonga-el-intendente-zara-inauguro-la-ampliacion-del-centro-educativo-complementario-n803","status":"publish","type":"post","link":"https:\/\/www.elpolitologoyelpolitico.com.ar\/wordpress\/2023\/11\/23\/en-villalonga-el-intendente-zara-inauguro-la-ampliacion-del-centro-educativo-complementario-n803\/","title":{"rendered":"En Villalonga, el Intendente Zara inaugur\u00f3 la ampliaci\u00f3n del Centro Educativo Complementario N\u00b0803"},"content":{"rendered":"\n<p>El Intendente Municipal, Ing. Jos\u00e9 Luis Zara, presidi\u00f3 este mi\u00e9rcoles la inauguraci\u00f3n de la ampliaci\u00f3n del edificio del Centro Educativo Complementario N\u00b0803 de la localidad de Villalonga.<\/p>\n\n\n\n<p>El jefe comunal fue recibido por la Directora de la Instituci\u00f3n, Miriam Ambrosi, y estuvo acompa\u00f1ado por el Jefe de Gabinete, Fabio Bettinelli, la Delegada Municipal, Valeria M\u00e9ndez, el Presidente del Honorable Concejo Deliberante, Julio Costantino, la Jefa Distrital de Educaci\u00f3n, Estela Sosa, el Presidente del Consejo Escolar, Paulo Bykaluk, la Inspectora de Psicolog\u00eda, Raquel Cofr\u00e9, los concejales Diego Stainnekker, y Noem\u00ed C\u00f3rdoba, y funcionarios del gabinete municipal.<\/p>\n\n\n\n<p>En primer t\u00e9rmino, se procedi\u00f3 al corte de cintas para acceder a los nuevos espacios. Luego, se recibi\u00f3 a las banderas de ceremonia y se entonaron las estrofas del Himno Nacional.<\/p>\n\n\n\n<p>A continuaci\u00f3n, tom\u00f3 la palabra la Directora, Miriam Ambrosi: \u201cnos encontramos aqu\u00ed para celebrar un hito importante de nuestro Centro Educativo. Hace un a\u00f1o y meses tuvimos el privilegio de abrir nuestras puertas a la comunidad y desde entonces hemos trabajado para brindar un espacio de ense\u00f1anza y cuidados a nuestros estudiantes. En este corto periodo de tiempo hemos logrado construir un ambiente acogedor y seguro, donde nuestros estudiantes pueden aprender, crecer y desarrollar todo su potencial. Nuestras aulas se han convertido en espacios de inspiraci\u00f3n y crecimiento. A lo largo de este a\u00f1o hemos enfrentado desaf\u00edos y superado obst\u00e1culos, pero siempre con determinaci\u00f3n y pasi\u00f3n por la educaci\u00f3n\u201d.<\/p>\n\n\n\n<p>\u201cCada d\u00eda es una oportunidad para aprender y mejorar. Las nuevas aulas que hoy inauguramos son un s\u00edmbolo tangible de nuestro crecimiento y desarrollo, son espacios dise\u00f1ados para inspirar, motivar y desafiar a nuestros chicos. Sin dudas son aulas que se llenar\u00e1n con risas, preguntas curiosas y el sonido de los aprendizajes. Esta ampliaci\u00f3n fue gracias al trabajo en conjunto de much\u00edsima gente, es por eso que no nos queda m\u00e1s que agradecer: al equipo docente y auxiliares, que con dedicaci\u00f3n, entusiasmo, responsabilidad y compromiso ponen en valor al CEC como una instituci\u00f3n de ense\u00f1anza y cuidado. Gracias a la Inspectora de la Modalidad por su acompa\u00f1amiento constante, gracias a las instituciones con las que articulamos y nos acompa\u00f1aron desde el primer d\u00eda. Gracias al se\u00f1or Intendente, por escuchar y respetar desde el primer momento nuestra petici\u00f3n y comprometerse a realizar las aulas en forma inmediata. Gracias al Gobierno Provincial y Municipal del Partido de Patagones que gestionaron y trabajaron conjuntamente para que esto fuera posible\u201d, enfatiz\u00f3 Ambrosi.<\/p>\n\n\n\n<p>Luego, hizo lo propio la Inspectora de Psicolog\u00eda, Raquel Cofr\u00e9: \u201choy es un d\u00eda de alegr\u00eda, la verdad es que es un compromiso que se inici\u00f3 hace mucho tiempo y en alg\u00fan momento encontramos las personas indicadas que nos acompa\u00f1aron: en la gesti\u00f3n, en la escucha, desde la articulaci\u00f3n de los distintos niveles, desde lo pol\u00edtico y lo educativo. Un gracias enorme a la comunidad que inici\u00f3 este proyecto y a quienes se encuentran presentes, el Intendente Jos\u00e9 Zara y su equipo, Miriam y su equipo, Paulo Bykaluk y su equipo, que nos permiten concretar este sue\u00f1o. No son solo ocho paredes, lo que se est\u00e1 logrando es ampliar derechos, consolidarlos, y eso es lo fundamental de la tarea educativa, para eso estamos\u201d.<\/p>\n\n\n\n<p>Seguidamente hizo lo propio el Presidente del Consejo Escolar, Paulo Bikaluk, quien afirm\u00f3: \u201clo m\u00edo es agradecimiento. Hace un a\u00f1o fue una realidad que se logr\u00f3 \u2013con Fondos Educativos- la compra y la restauraci\u00f3n del edificio, luego se solicit\u00f3 y en menos de dos a\u00f1os estamos inaugurando dos hermosas nuevas aulas tambi\u00e9n con fondos educativos, much\u00edsimas gracias Intendente. Es una realidad que sin las familias no podr\u00edamos estar ac\u00e1 parados ni hablando, gracias a todas las familias, a los alumnos y al personal que componen este Centro Educativo que con tanto amor d\u00eda a d\u00eda logran y trabajan para y por los ni\u00f1os\u201d.<\/p>\n\n\n\n<p>Por su parte, el Intendente Municipal, Ing. Jos\u00e9 Luis Zara expres\u00f3: \u201ces un gusto y una alegr\u00eda estar hoy ac\u00e1, ya en mis \u00faltimos d\u00edas de gesti\u00f3n, inaugurando estas dos aulas del Centro Educativo Complementario, esta instituci\u00f3n que ense\u00f1a y cuida. La verdad ya los que me precedieron dijeron todo. Cuando asum\u00ed era Raquel la que me insist\u00eda todo el tiempo con la idea de crear este Centro Educativo y que tenga su edificio propio ac\u00e1 en la localidad de Villalonga.<\/p>\n\n\n\n<p>Empezamos a trabajar, a buscar las tierras y logramos comprar este edificio y empezar a refaccionarlo y as\u00ed \u2013 hace un a\u00f1o- lo pon\u00edamos en marcha y hoy hay m\u00e1s de 90 chicos que tienen un lugar donde se los contiene y se les ense\u00f1a\u201d.<\/p>\n\n\n\n<p>\u201cEl mismo d\u00eda que inauguramos, se nombr\u00f3 a Miriam como directora y ella me dice enseguida \u2018vamos a tener que ampliarlo, porque no nos alcanza la matr\u00edcula\u2019 con lo que hab\u00edamos dispuesto.<br>Asique comenzamos r\u00e1pido con mi equipo de Obras P\u00fablicas a proyectar a d\u00f3nde \u00edbamos a hacer las aulas y esa ampliaci\u00f3n que requer\u00eda el edificio. Hoy es una realidad\u201d, agreg\u00f3.<\/p>\n\n\n\n<p>Para finalizar, el mandatario sostuvo: \u201cfelicito a toda la comunidad educativa por el cari\u00f1o que les dan a los chicos, por el trabajo que realizan. A todas las instituciones educativas porque tuve el placer de trabajar en conjunto y mejorar todas las instituciones educativas a lo largo y a lo ancho del Partido de Patagones. En estos 8 a\u00f1os que llevo como intendente no debe haber ninguna instituci\u00f3n educativa que no hayamos refaccionado o creado un edificio nuevo. Les agradezco a todos porque sin el acompa\u00f1amiento de la comunidad y de todos los que se involucran y son proactivos no hubi\u00e9ramos podido salir adelante.<\/p>\n\n\n\n<p>Muchas gracias y a seguir con la educaci\u00f3n p\u00fablica, que se nota claramente en nuestro distrito que tiene calidad\u201d.<\/p>\n\n\n\n<p>La celebraci\u00f3n finaliz\u00f3 con bailes t\u00edpicos y la interpretaci\u00f3n de una canci\u00f3n por parte de los alumnos de la instituci\u00f3n.<\/p>\n\n\n\n<p>Luego, el Intendente y las autoridades presentes realizaron un recorrido por las aulas y los juegos nuevos, recientemente colocados.<\/p>\n\n\n\n<p>Las dos nuevas aulas se complementan con el edificio inaugurado hace poco tiempo ubicado en las calles Riacho Azul y Brasil. La obra incluy\u00f3 tambi\u00e9n la construcci\u00f3n de un gabinete para tanque cisterna y bombas, la colocaci\u00f3n de un tanque reserva nuevo, retiro y reubicaci\u00f3n de port\u00f3n vehicular, demolici\u00f3n de dos gabinetes y la extracci\u00f3n de torre de tanque de reserva.<\/p>\n\n\n\n<p><\/p>\n\n\n\n<figure class=\"wp-block-gallery has-nested-images columns-default is-cropped wp-block-gallery-1 is-layout-flex wp-block-gallery-is-layout-flex\">\n<figure class=\"wp-block-image size-large\"><img fetchpriority=\"high\" decoding=\"async\" width=\"1024\" height=\"478\" data-id=\"36356\" src=\"https:\/\/www.elpolitologoyelpolitico.com.ar\/wp-content\/uploads\/2023\/11\/IMG-20231123-WA0017-1024x478.jpg\" alt=\"\" class=\"wp-image-36356\" srcset=\"https:\/\/www.elpolitologoyelpolitico.com.ar\/wp-content\/uploads\/2023\/11\/IMG-20231123-WA0017-1024x478.jpg 1024w, https:\/\/www.elpolitologoyelpolitico.com.ar\/wp-content\/uploads\/2023\/11\/IMG-20231123-WA0017-300x140.jpg 300w, https:\/\/www.elpolitologoyelpolitico.com.ar\/wp-content\/uploads\/2023\/11\/IMG-20231123-WA0017-768x359.jpg 768w, https:\/\/www.elpolitologoyelpolitico.com.ar\/wp-content\/uploads\/2023\/11\/IMG-20231123-WA0017-1536x717.jpg 1536w, https:\/\/www.elpolitologoyelpolitico.com.ar\/wp-content\/uploads\/2023\/11\/IMG-20231123-WA0017.jpg 1600w\" sizes=\"(max-width: 1024px) 100vw, 1024px\" \/><\/figure>\n\n\n\n<figure class=\"wp-block-image size-large\"><img decoding=\"async\" width=\"576\" height=\"1024\" data-id=\"36357\" src=\"https:\/\/www.elpolitologoyelpolitico.com.ar\/wp-content\/uploads\/2023\/11\/IMG-20231123-WA0021-576x1024.jpg\" alt=\"\" class=\"wp-image-36357\" srcset=\"https:\/\/www.elpolitologoyelpolitico.com.ar\/wp-content\/uploads\/2023\/11\/IMG-20231123-WA0021-576x1024.jpg 576w, https:\/\/www.elpolitologoyelpolitico.com.ar\/wp-content\/uploads\/2023\/11\/IMG-20231123-WA0021-169x300.jpg 169w, https:\/\/www.elpolitologoyelpolitico.com.ar\/wp-content\/uploads\/2023\/11\/IMG-20231123-WA0021-768x1365.jpg 768w, https:\/\/www.elpolitologoyelpolitico.com.ar\/wp-content\/uploads\/2023\/11\/IMG-20231123-WA0021-864x1536.jpg 864w, https:\/\/www.elpolitologoyelpolitico.com.ar\/wp-content\/uploads\/2023\/11\/IMG-20231123-WA0021.jpg 900w\" sizes=\"(max-width: 576px) 100vw, 576px\" \/><\/figure>\n\n\n\n<figure class=\"wp-block-image size-large\"><img decoding=\"async\" width=\"1024\" height=\"478\" data-id=\"36358\" src=\"https:\/\/www.elpolitologoyelpolitico.com.ar\/wp-content\/uploads\/2023\/11\/IMG-20231123-WA0020-1024x478.jpg\" alt=\"\" class=\"wp-image-36358\" srcset=\"https:\/\/www.elpolitologoyelpolitico.com.ar\/wp-content\/uploads\/2023\/11\/IMG-20231123-WA0020-1024x478.jpg 1024w, https:\/\/www.elpolitologoyelpolitico.com.ar\/wp-content\/uploads\/2023\/11\/IMG-20231123-WA0020-300x140.jpg 300w, https:\/\/www.elpolitologoyelpolitico.com.ar\/wp-content\/uploads\/2023\/11\/IMG-20231123-WA0020-768x359.jpg 768w, https:\/\/www.elpolitologoyelpolitico.com.ar\/wp-content\/uploads\/2023\/11\/IMG-20231123-WA0020-1536x717.jpg 1536w, https:\/\/www.elpolitologoyelpolitico.com.ar\/wp-content\/uploads\/2023\/11\/IMG-20231123-WA0020.jpg 1600w\" sizes=\"(max-width: 1024px) 100vw, 1024px\" \/><\/figure>\n\n\n\n<figure class=\"wp-block-image size-large\"><img loading=\"lazy\" decoding=\"async\" width=\"576\" height=\"1024\" data-id=\"36359\" src=\"https:\/\/www.elpolitologoyelpolitico.com.ar\/wp-content\/uploads\/2023\/11\/IMG-20231123-WA0019-576x1024.jpg\" alt=\"\" class=\"wp-image-36359\" srcset=\"https:\/\/www.elpolitologoyelpolitico.com.ar\/wp-content\/uploads\/2023\/11\/IMG-20231123-WA0019-576x1024.jpg 576w, https:\/\/www.elpolitologoyelpolitico.com.ar\/wp-content\/uploads\/2023\/11\/IMG-20231123-WA0019-169x300.jpg 169w, https:\/\/www.elpolitologoyelpolitico.com.ar\/wp-content\/uploads\/2023\/11\/IMG-20231123-WA0019-768x1365.jpg 768w, https:\/\/www.elpolitologoyelpolitico.com.ar\/wp-content\/uploads\/2023\/11\/IMG-20231123-WA0019-864x1536.jpg 864w, https:\/\/www.elpolitologoyelpolitico.com.ar\/wp-content\/uploads\/2023\/11\/IMG-20231123-WA0019.jpg 900w\" sizes=\"(max-width: 576px) 100vw, 576px\" \/><\/figure>\n\n\n\n<figure class=\"wp-block-image size-large\"><img loading=\"lazy\" decoding=\"async\" width=\"576\" height=\"1024\" data-id=\"36360\" src=\"https:\/\/www.elpolitologoyelpolitico.com.ar\/wp-content\/uploads\/2023\/11\/IMG-20231123-WA0018-576x1024.jpg\" alt=\"\" class=\"wp-image-36360\" srcset=\"https:\/\/www.elpolitologoyelpolitico.com.ar\/wp-content\/uploads\/2023\/11\/IMG-20231123-WA0018-576x1024.jpg 576w, https:\/\/www.elpolitologoyelpolitico.com.ar\/wp-content\/uploads\/2023\/11\/IMG-20231123-WA0018-169x300.jpg 169w, https:\/\/www.elpolitologoyelpolitico.com.ar\/wp-content\/uploads\/2023\/11\/IMG-20231123-WA0018-768x1365.jpg 768w, https:\/\/www.elpolitologoyelpolitico.com.ar\/wp-content\/uploads\/2023\/11\/IMG-20231123-WA0018-864x1536.jpg 864w, https:\/\/www.elpolitologoyelpolitico.com.ar\/wp-content\/uploads\/2023\/11\/IMG-20231123-WA0018.jpg 900w\" sizes=\"(max-width: 576px) 100vw, 576px\" \/><\/figure>\n<\/figure>\n<div class=\"fb-background-color\">\n\t\t\t  <div \n\t\t\t  \tclass = \"fb-comments\" \n\t\t\t  \tdata-href = \"https:\/\/www.elpolitologoyelpolitico.com.ar\/wordpress\/2023\/11\/23\/en-villalonga-el-intendente-zara-inauguro-la-ampliacion-del-centro-educativo-complementario-n803\/\"\n\t\t\t  \tdata-numposts = \"10\"\n\t\t\t  \tdata-lazy = \"true\"\n\t\t\t\tdata-colorscheme = \"light\"\n\t\t\t\tdata-order-by = \"social\"\n\t\t\t\tdata-mobile=true>\n\t\t\t  <\/div><\/div>\n\t\t  <style>\n\t\t    .fb-background-color {\n\t\t\t\tbackground: #ffffff !important;\n\t\t\t}\n\t\t\t.fb_iframe_widget_fluid_desktop iframe {\n\t\t\t    width: 100% !important;\n\t\t\t}\n\t\t  <\/style>\n\t\t  ","protected":false},"excerpt":{"rendered":"<p>El Intendente Municipal, Ing. Jos\u00e9 Luis Zara, presidi\u00f3 este mi\u00e9rcoles la inauguraci\u00f3n de la ampliaci\u00f3n del edificio del Centro Educativo Complementario N\u00b0803 de la localidad de Villalonga. El jefe comunal fue recibido por la Directora de la Instituci\u00f3n, Miriam Ambrosi, y estuvo acompa\u00f1ado por el Jefe de Gabinete, Fabio Bettinelli, la Delegada Municipal, Valeria M\u00e9ndez, [&hellip;]<\/p>\n","protected":false},"author":4,"featured_media":36355,"comment_status":"closed","ping_status":"closed","sticky":false,"template":"","format":"standard","meta":{"_joinchat":[],"footnotes":""},"categories":[39],"tags":[],"class_list":["post-36354","post","type-post","status-publish","format-standard","has-post-thumbnail","hentry","category-en-esta-seccion"],"_links":{"self":[{"href":"https:\/\/www.elpolitologoyelpolitico.com.ar\/wordpress\/wp-json\/wp\/v2\/posts\/36354","targetHints":{"allow":["GET"]}}],"collection":[{"href":"https:\/\/www.elpolitologoyelpolitico.com.ar\/wordpress\/wp-json\/wp\/v2\/posts"}],"about":[{"href":"https:\/\/www.elpolitologoyelpolitico.com.ar\/wordpress\/wp-json\/wp\/v2\/types\/post"}],"author":[{"embeddable":true,"href":"https:\/\/www.elpolitologoyelpolitico.com.ar\/wordpress\/wp-json\/wp\/v2\/users\/4"}],"replies":[{"embeddable":true,"href":"https:\/\/www.elpolitologoyelpolitico.com.ar\/wordpress\/wp-json\/wp\/v2\/comments?post=36354"}],"version-history":[{"count":1,"href":"https:\/\/www.elpolitologoyelpolitico.com.ar\/wordpress\/wp-json\/wp\/v2\/posts\/36354\/revisions"}],"predecessor-version":[{"id":36361,"href":"https:\/\/www.elpolitologoyelpolitico.com.ar\/wordpress\/wp-json\/wp\/v2\/posts\/36354\/revisions\/36361"}],"wp:featuredmedia":[{"embeddable":true,"href":"https:\/\/www.elpolitologoyelpolitico.com.ar\/wordpress\/wp-json\/wp\/v2\/media\/36355"}],"wp:attachment":[{"href":"https:\/\/www.elpolitologoyelpolitico.com.ar\/wordpress\/wp-json\/wp\/v2\/media?parent=36354"}],"wp:term":[{"taxonomy":"category","embeddable":true,"href":"https:\/\/www.elpolitologoyelpolitico.com.ar\/wordpress\/wp-json\/wp\/v2\/categories?post=36354"},{"taxonomy":"post_tag","embeddable":true,"href":"https:\/\/www.elpolitologoyelpolitico.com.ar\/wordpress\/wp-json\/wp\/v2\/tags?post=36354"}],"curies":[{"name":"wp","href":"https:\/\/api.w.org\/{rel}","templated":true}]}}