{"id":36331,"date":"2023-11-21T23:53:07","date_gmt":"2023-11-22T02:53:07","guid":{"rendered":"https:\/\/www.elpolitologoyelpolitico.com.ar\/wordpress\/?p=36331"},"modified":"2023-11-21T23:53:08","modified_gmt":"2023-11-22T02:53:08","slug":"hoy-inicia-la-desinsectacion-en-viedma","status":"publish","type":"post","link":"https:\/\/www.elpolitologoyelpolitico.com.ar\/wordpress\/2023\/11\/21\/hoy-inicia-la-desinsectacion-en-viedma\/","title":{"rendered":"Hoy Inicia la desinsectaci\u00f3n en Viedma"},"content":{"rendered":"\n<p>Con motivo de anticiparse a la temporada estival hoy, martes 21 de noviembre comienzan los operativos de desinsectaci\u00f3n a partir de las 22hs en los barrios: Lavalle, Mi Bandera, Patagonia, Alvarez Guerrero, Nehuen, 22 de abril, 30 de marzo y Esperanza.<\/p>\n\n\n\n<p>Se recomienda mantener las ventanas cerradas y dejar a las mascotas dentro de casa o patio para evitar que tengan contacto directo con la m\u00e1quina y el tractor.<\/p>\n\n\n\n<p>Si el clima lo permite, el cronograma de recorrido continuar\u00e1 por diferentes sectores y barrios de Viedma en los barrios Parque independencia, Las Flores, Gobernador Castello.<\/p>\n\n\n\n<p>El producto que se utiliza durante los procedimientos es la Cipermetrina, la misma est\u00e1 formulada tanto para insectos rastreros como voladores y tiene un alto poder de acci\u00f3n sobre los mismos, durando entre tres y cuatro semanas su poder residual. Asimismo, es importante aclarar que en relaci\u00f3n a otros insecticidas y con su adecuada aplicaci\u00f3n, es nula la toxicidad para animales y humanos.<\/p>\n\n\n\n<p>El Cronograma se ir\u00e1 comunicando por las redes sociales y medios oficiales del Municipio de Viedma, ya que puede sufrir alteraciones seg\u00fan las condiciones clim\u00e1ticas en busca de mayor eficacia en los procedimientos.<\/p>\n\n\n\n<p>Cabe aclarar que este procedimiento no es efectivo para la prevenci\u00f3n de dengue, para ello se solicita a la poblaci\u00f3n que evite tener en el exterior de sus casas cacharros, cubiertas y otros elementos en desuso que generen la acumulaci\u00f3n de agua, adem\u00e1s se recomienda cambiar con recurrencia el agua de sus animales<\/p>\n<div class=\"fb-background-color\">\n\t\t\t  <div \n\t\t\t  \tclass = \"fb-comments\" \n\t\t\t  \tdata-href = \"https:\/\/www.elpolitologoyelpolitico.com.ar\/wordpress\/2023\/11\/21\/hoy-inicia-la-desinsectacion-en-viedma\/\"\n\t\t\t  \tdata-numposts = \"10\"\n\t\t\t  \tdata-lazy = \"true\"\n\t\t\t\tdata-colorscheme = \"light\"\n\t\t\t\tdata-order-by = \"social\"\n\t\t\t\tdata-mobile=true>\n\t\t\t  <\/div><\/div>\n\t\t  <style>\n\t\t    .fb-background-color {\n\t\t\t\tbackground: #ffffff !important;\n\t\t\t}\n\t\t\t.fb_iframe_widget_fluid_desktop iframe {\n\t\t\t    width: 100% !important;\n\t\t\t}\n\t\t  <\/style>\n\t\t  ","protected":false},"excerpt":{"rendered":"<p>Con motivo de anticiparse a la temporada estival hoy, martes 21 de noviembre comienzan los operativos de desinsectaci\u00f3n a partir de las 22hs en los barrios: Lavalle, Mi Bandera, Patagonia, Alvarez Guerrero, Nehuen, 22 de abril, 30 de marzo y Esperanza. Se recomienda mantener las ventanas cerradas y dejar a las mascotas dentro de casa [&hellip;]<\/p>\n","protected":false},"author":4,"featured_media":36332,"comment_status":"closed","ping_status":"closed","sticky":false,"template":"","format":"standard","meta":{"_joinchat":[],"footnotes":""},"categories":[4],"tags":[],"class_list":["post-36331","post","type-post","status-publish","format-standard","has-post-thumbnail","hentry","category-politicas-publicas"],"_links":{"self":[{"href":"https:\/\/www.elpolitologoyelpolitico.com.ar\/wordpress\/wp-json\/wp\/v2\/posts\/36331","targetHints":{"allow":["GET"]}}],"collection":[{"href":"https:\/\/www.elpolitologoyelpolitico.com.ar\/wordpress\/wp-json\/wp\/v2\/posts"}],"about":[{"href":"https:\/\/www.elpolitologoyelpolitico.com.ar\/wordpress\/wp-json\/wp\/v2\/types\/post"}],"author":[{"embeddable":true,"href":"https:\/\/www.elpolitologoyelpolitico.com.ar\/wordpress\/wp-json\/wp\/v2\/users\/4"}],"replies":[{"embeddable":true,"href":"https:\/\/www.elpolitologoyelpolitico.com.ar\/wordpress\/wp-json\/wp\/v2\/comments?post=36331"}],"version-history":[{"count":1,"href":"https:\/\/www.elpolitologoyelpolitico.com.ar\/wordpress\/wp-json\/wp\/v2\/posts\/36331\/revisions"}],"predecessor-version":[{"id":36333,"href":"https:\/\/www.elpolitologoyelpolitico.com.ar\/wordpress\/wp-json\/wp\/v2\/posts\/36331\/revisions\/36333"}],"wp:featuredmedia":[{"embeddable":true,"href":"https:\/\/www.elpolitologoyelpolitico.com.ar\/wordpress\/wp-json\/wp\/v2\/media\/36332"}],"wp:attachment":[{"href":"https:\/\/www.elpolitologoyelpolitico.com.ar\/wordpress\/wp-json\/wp\/v2\/media?parent=36331"}],"wp:term":[{"taxonomy":"category","embeddable":true,"href":"https:\/\/www.elpolitologoyelpolitico.com.ar\/wordpress\/wp-json\/wp\/v2\/categories?post=36331"},{"taxonomy":"post_tag","embeddable":true,"href":"https:\/\/www.elpolitologoyelpolitico.com.ar\/wordpress\/wp-json\/wp\/v2\/tags?post=36331"}],"curies":[{"name":"wp","href":"https:\/\/api.w.org\/{rel}","templated":true}]}}