{"id":3633,"date":"2021-05-31T20:36:05","date_gmt":"2021-05-31T20:36:05","guid":{"rendered":"https:\/\/www.elpolitologoyelpolitico.com.ar\/wordpress\/?p=3633"},"modified":"2021-05-31T20:36:30","modified_gmt":"2021-05-31T20:36:30","slug":"cronograma-de-pago-de-las-becas-municipales-terciarias-y-universitarias","status":"publish","type":"post","link":"https:\/\/www.elpolitologoyelpolitico.com.ar\/wordpress\/2021\/05\/31\/cronograma-de-pago-de-las-becas-municipales-terciarias-y-universitarias\/","title":{"rendered":"Cronograma de pago de las becas municipales terciarias y universitarias"},"content":{"rendered":"\t\t<div data-elementor-type=\"wp-post\" data-elementor-id=\"3633\" class=\"elementor elementor-3633\">\n\t\t\t\t\t\t<section class=\"elementor-section elementor-top-section elementor-element elementor-element-7dc6e37c elementor-section-boxed elementor-section-height-default elementor-section-height-default\" data-id=\"7dc6e37c\" data-element_type=\"section\" data-e-type=\"section\">\n\t\t\t\t\t\t<div class=\"elementor-container elementor-column-gap-default\">\n\t\t\t\t\t<div class=\"elementor-column elementor-col-100 elementor-top-column elementor-element elementor-element-5d781b32\" data-id=\"5d781b32\" data-element_type=\"column\" data-e-type=\"column\">\n\t\t\t<div class=\"elementor-widget-wrap elementor-element-populated\">\n\t\t\t\t\t\t<div class=\"elementor-element elementor-element-11bf87d6 elementor-widget elementor-widget-text-editor\" data-id=\"11bf87d6\" data-element_type=\"widget\" data-e-type=\"widget\" data-widget_type=\"text-editor.default\">\n\t\t\t\t<div class=\"elementor-widget-container\">\n\t\t\t\t\t\t\t\t\t\n<p>La Comisi\u00f3n de Becas Municipales informa que esta semana se encontrar\u00e1 disponible el pago del beneficio, correspondiente a los meses de abril, mayo y junio.<\/p>\n\n\n\n<p>Para el mismo se seguir\u00e1 el siguiente cronograma:<\/p>\n\n\n\n<p>-Martes 01\/06: apellidos de la A a la&nbsp; C, inclusive.<\/p>\n\n\n\n<p>-Mi\u00e9rcoles 02\/06: apellidos que inicien con D a la M, inclusive.<\/p>\n\n\n\n<p>-Jueves: 03\/06: apellidos que comiencen con N a la Z, inclusive.<\/p>\n\n\n\n<p>Los beneficiarios, o tutores designados para el cobro, deber\u00e1n asistir por ventanilla a la sucursal del Banco Provincia de su localidad, o la m\u00e1s cercana a su domicilio, con su D.N.I.<\/p>\n\n\n\n<p>Adem\u00e1s, se recuerda a todos aquellos que adeudan documentaci\u00f3n, que tienen tiempo de presentar la misma hasta el 15 de junio, inclusive.<\/p>\n\n\n\n<p>La misma puede ser presentada personalmente, o al siguiente email: comisiondebecasmunicipales@gmail.com.<\/p>\n\t\t\t\t\t\t\t\t<\/div>\n\t\t\t\t<\/div>\n\t\t\t\t\t<\/div>\n\t\t<\/div>\n\t\t\t\t\t<\/div>\n\t\t<\/section>\n\t\t\t\t<\/div>\n\t\t<div class=\"fb-background-color\">\n\t\t\t  <div \n\t\t\t  \tclass = \"fb-comments\" \n\t\t\t  \tdata-href = \"https:\/\/www.elpolitologoyelpolitico.com.ar\/wordpress\/2021\/05\/31\/cronograma-de-pago-de-las-becas-municipales-terciarias-y-universitarias\/\"\n\t\t\t  \tdata-numposts = \"10\"\n\t\t\t  \tdata-lazy = \"true\"\n\t\t\t\tdata-colorscheme = \"light\"\n\t\t\t\tdata-order-by = \"social\"\n\t\t\t\tdata-mobile=true>\n\t\t\t  <\/div><\/div>\n\t\t  <style>\n\t\t    .fb-background-color {\n\t\t\t\tbackground: #ffffff !important;\n\t\t\t}\n\t\t\t.fb_iframe_widget_fluid_desktop iframe {\n\t\t\t    width: 100% !important;\n\t\t\t}\n\t\t  <\/style>\n\t\t  ","protected":false},"excerpt":{"rendered":"<p>La Comisi\u00f3n de Becas Municipales informa que esta semana se encontrar\u00e1 disponible el pago del beneficio, correspondiente a los meses de abril, mayo y junio. Para el mismo se seguir\u00e1 el siguiente cronograma: -Martes 01\/06: apellidos de la A a la&nbsp; C, inclusive. -Mi\u00e9rcoles 02\/06: apellidos que inicien con D a la M, inclusive. -Jueves: [&hellip;]<\/p>\n","protected":false},"author":4,"featured_media":3634,"comment_status":"closed","ping_status":"closed","sticky":false,"template":"","format":"standard","meta":{"_joinchat":[],"footnotes":""},"categories":[39],"tags":[],"class_list":["post-3633","post","type-post","status-publish","format-standard","has-post-thumbnail","hentry","category-en-esta-seccion"],"_links":{"self":[{"href":"https:\/\/www.elpolitologoyelpolitico.com.ar\/wordpress\/wp-json\/wp\/v2\/posts\/3633","targetHints":{"allow":["GET"]}}],"collection":[{"href":"https:\/\/www.elpolitologoyelpolitico.com.ar\/wordpress\/wp-json\/wp\/v2\/posts"}],"about":[{"href":"https:\/\/www.elpolitologoyelpolitico.com.ar\/wordpress\/wp-json\/wp\/v2\/types\/post"}],"author":[{"embeddable":true,"href":"https:\/\/www.elpolitologoyelpolitico.com.ar\/wordpress\/wp-json\/wp\/v2\/users\/4"}],"replies":[{"embeddable":true,"href":"https:\/\/www.elpolitologoyelpolitico.com.ar\/wordpress\/wp-json\/wp\/v2\/comments?post=3633"}],"version-history":[{"count":0,"href":"https:\/\/www.elpolitologoyelpolitico.com.ar\/wordpress\/wp-json\/wp\/v2\/posts\/3633\/revisions"}],"wp:featuredmedia":[{"embeddable":true,"href":"https:\/\/www.elpolitologoyelpolitico.com.ar\/wordpress\/wp-json\/wp\/v2\/media\/3634"}],"wp:attachment":[{"href":"https:\/\/www.elpolitologoyelpolitico.com.ar\/wordpress\/wp-json\/wp\/v2\/media?parent=3633"}],"wp:term":[{"taxonomy":"category","embeddable":true,"href":"https:\/\/www.elpolitologoyelpolitico.com.ar\/wordpress\/wp-json\/wp\/v2\/categories?post=3633"},{"taxonomy":"post_tag","embeddable":true,"href":"https:\/\/www.elpolitologoyelpolitico.com.ar\/wordpress\/wp-json\/wp\/v2\/tags?post=3633"}],"curies":[{"name":"wp","href":"https:\/\/api.w.org\/{rel}","templated":true}]}}