{"id":36328,"date":"2023-11-21T18:26:33","date_gmt":"2023-11-21T21:26:33","guid":{"rendered":"https:\/\/www.elpolitologoyelpolitico.com.ar\/wordpress\/?p=36328"},"modified":"2023-11-21T18:26:34","modified_gmt":"2023-11-21T21:26:34","slug":"viedma-se-viene-el-1-abierto-de-ajedrez-que-otorgara-hasta-70-000-en-premios","status":"publish","type":"post","link":"https:\/\/www.elpolitologoyelpolitico.com.ar\/wordpress\/2023\/11\/21\/viedma-se-viene-el-1-abierto-de-ajedrez-que-otorgara-hasta-70-000-en-premios\/","title":{"rendered":"VIEDMA: Se viene el 1\u00b0 abierto de Ajedrez que otorgar\u00e1 hasta $70.000 en premios"},"content":{"rendered":"\n<p>V\u00e1lido al ELO INTERNACIONAL R\u00e1pido<br>En memoria de Alberto Guido Lavalle<\/p>\n\n\n\n<p>Suizo a 11 Rondas. 15 \u00b4 + 10\u00b4\u00b4.<\/p>\n\n\n\n<p>\u00c1rbitro Nacional: Marcos Pirola<\/p>\n\n\n\n<p>70.000 pesos en premios<\/p>\n\n\n\n<p>Lugar de Juego: Club Atl\u00e9tico Villa Congreso.-<\/p>\n\n\n\n<p>Inscripci\u00f3n: 3.500 $<\/p>\n\n\n\n<p>Sub 18 y femenino: 2.500 $<\/p>\n\n\n\n<p>CRONOGRAMA<\/p>\n\n\n\n<p>Viernes 24\/11<\/p>\n\n\n\n<p>16.00 hs. Inscripci\u00f3n. Recepci\u00f3n.<\/p>\n\n\n\n<p>17.00 hs. Inauguraci\u00f3n.<\/p>\n\n\n\n<p>Charla t\u00e9cnica 1\u00b0 Ronda<br>18.00 hs. 2\u00b0 Ronda<\/p>\n\n\n\n<p>S\u00e1bado 25\/11<\/p>\n\n\n\n<p>14.00 hs. 3\u00b0 Rond<\/p>\n\n\n\n<p>15.00 hs 4\u00b0 Ronda<\/p>\n\n\n\n<p>16.00 hs 5\u00b0 Ronda<\/p>\n\n\n\n<p>17.00 hs 6\u00b0 Ronda<\/p>\n\n\n\n<p>18.00 hs 7\u00b0 Ronda<\/p>\n\n\n\n<p>Domingo 26\/11<\/p>\n\n\n\n<p>10.00 hs 8\u00b0 Ronda<\/p>\n\n\n\n<p>11.00 hs 9\u00b0 Ronda<\/p>\n\n\n\n<p>12.00 hs 10\u00b0 Ronda<\/p>\n\n\n\n<p>13.00 hs. 11\u00b0 Ronda<\/p>\n\n\n\n<p>13.45 hs Cierre y premiaci\u00f3n. Despedida de las delegaciones.<\/p>\n\n\n\n<p>Escala de Premios<br>1\u00b0 15.000<br>2\u00b0 12.000<br>3\u00b0 8.000<\/p>\n\n\n\n<p>Mejor Femenino $ 7.000<\/p>\n\n\n\n<p>Mejor CAV: $7.000<\/p>\n\n\n\n<p>Mejor No rankeado: $7.000<\/p>\n\n\n\n<p>Mejor sub 18: $ 7.000<\/p>\n\n\n\n<p>Mejor senior supra 60: 7.000<\/p>\n\n\n\n<p>AUSPICIAN<br>LOTERIA DE RIO NEGRO<\/p>\n\n\n\n<p>ORGANIZAN<br>C\u00cdRCULO DE AJEDREZ DE VIEDMA<\/p>\n\n\n\n<p>CLUB ATL\u00c9TICO VILLA CONGRESO<\/p>\n\n\n\n<p>Agradecemos la colaboraci\u00f3n de ARIEL AVALOS, Secretario de Cultura de la Provincia de R\u00edo Negro.<\/p>\n\n\n\n<p>Consultas WhatsApp:<\/p>\n\n\n\n<p>(2920-555539) Cirilo Bustamante<\/p>\n\n\n\n<p>(2920-500736) David Romero<\/p>\n\n\n\n<p>Hospedaje: Agust\u00edn Rodr\u00edguez (+ 54 9 3544 443732)<\/p>\n<div class=\"fb-background-color\">\n\t\t\t  <div \n\t\t\t  \tclass = \"fb-comments\" \n\t\t\t  \tdata-href = \"https:\/\/www.elpolitologoyelpolitico.com.ar\/wordpress\/2023\/11\/21\/viedma-se-viene-el-1-abierto-de-ajedrez-que-otorgara-hasta-70-000-en-premios\/\"\n\t\t\t  \tdata-numposts = \"10\"\n\t\t\t  \tdata-lazy = \"true\"\n\t\t\t\tdata-colorscheme = \"light\"\n\t\t\t\tdata-order-by = \"social\"\n\t\t\t\tdata-mobile=true>\n\t\t\t  <\/div><\/div>\n\t\t  <style>\n\t\t    .fb-background-color {\n\t\t\t\tbackground: #ffffff !important;\n\t\t\t}\n\t\t\t.fb_iframe_widget_fluid_desktop iframe {\n\t\t\t    width: 100% !important;\n\t\t\t}\n\t\t  <\/style>\n\t\t  ","protected":false},"excerpt":{"rendered":"<p>V\u00e1lido al ELO INTERNACIONAL R\u00e1pidoEn memoria de Alberto Guido Lavalle Suizo a 11 Rondas. 15 \u00b4 + 10\u00b4\u00b4. \u00c1rbitro Nacional: Marcos Pirola 70.000 pesos en premios Lugar de Juego: Club Atl\u00e9tico Villa Congreso.- Inscripci\u00f3n: 3.500 $ Sub 18 y femenino: 2.500 $ CRONOGRAMA Viernes 24\/11 16.00 hs. Inscripci\u00f3n. Recepci\u00f3n. 17.00 hs. Inauguraci\u00f3n. Charla t\u00e9cnica 1\u00b0 [&hellip;]<\/p>\n","protected":false},"author":4,"featured_media":36329,"comment_status":"closed","ping_status":"closed","sticky":false,"template":"","format":"standard","meta":{"_joinchat":[],"footnotes":""},"categories":[39],"tags":[],"class_list":["post-36328","post","type-post","status-publish","format-standard","has-post-thumbnail","hentry","category-en-esta-seccion"],"_links":{"self":[{"href":"https:\/\/www.elpolitologoyelpolitico.com.ar\/wordpress\/wp-json\/wp\/v2\/posts\/36328","targetHints":{"allow":["GET"]}}],"collection":[{"href":"https:\/\/www.elpolitologoyelpolitico.com.ar\/wordpress\/wp-json\/wp\/v2\/posts"}],"about":[{"href":"https:\/\/www.elpolitologoyelpolitico.com.ar\/wordpress\/wp-json\/wp\/v2\/types\/post"}],"author":[{"embeddable":true,"href":"https:\/\/www.elpolitologoyelpolitico.com.ar\/wordpress\/wp-json\/wp\/v2\/users\/4"}],"replies":[{"embeddable":true,"href":"https:\/\/www.elpolitologoyelpolitico.com.ar\/wordpress\/wp-json\/wp\/v2\/comments?post=36328"}],"version-history":[{"count":1,"href":"https:\/\/www.elpolitologoyelpolitico.com.ar\/wordpress\/wp-json\/wp\/v2\/posts\/36328\/revisions"}],"predecessor-version":[{"id":36330,"href":"https:\/\/www.elpolitologoyelpolitico.com.ar\/wordpress\/wp-json\/wp\/v2\/posts\/36328\/revisions\/36330"}],"wp:featuredmedia":[{"embeddable":true,"href":"https:\/\/www.elpolitologoyelpolitico.com.ar\/wordpress\/wp-json\/wp\/v2\/media\/36329"}],"wp:attachment":[{"href":"https:\/\/www.elpolitologoyelpolitico.com.ar\/wordpress\/wp-json\/wp\/v2\/media?parent=36328"}],"wp:term":[{"taxonomy":"category","embeddable":true,"href":"https:\/\/www.elpolitologoyelpolitico.com.ar\/wordpress\/wp-json\/wp\/v2\/categories?post=36328"},{"taxonomy":"post_tag","embeddable":true,"href":"https:\/\/www.elpolitologoyelpolitico.com.ar\/wordpress\/wp-json\/wp\/v2\/tags?post=36328"}],"curies":[{"name":"wp","href":"https:\/\/api.w.org\/{rel}","templated":true}]}}