{"id":36323,"date":"2023-11-21T18:12:32","date_gmt":"2023-11-21T21:12:32","guid":{"rendered":"https:\/\/www.elpolitologoyelpolitico.com.ar\/wordpress\/?p=36323"},"modified":"2023-11-21T18:12:34","modified_gmt":"2023-11-21T21:12:34","slug":"el-intendente-zara-entrego-una-nueva-maquinaria-para-el-mantenimiento-de-caminos-rurales","status":"publish","type":"post","link":"https:\/\/www.elpolitologoyelpolitico.com.ar\/wordpress\/2023\/11\/21\/el-intendente-zara-entrego-una-nueva-maquinaria-para-el-mantenimiento-de-caminos-rurales\/","title":{"rendered":"El Intendente Zara entreg\u00f3 una nueva maquinaria para el mantenimiento de caminos rurales"},"content":{"rendered":"\n<p>Este martes, el Intendente Municipal, Ing. Jos\u00e9 Luis Zara, hizo entrega de nueva maquinaria para la Subsecretar\u00eda de Servicios.<\/p>\n\n\n\n<p>Lo acompa\u00f1aron, funcionarios del gabinete municipal y el presidente del Honorable Concejo Deliberante, Julio Costantino.<\/p>\n\n\n\n<p>En la ocasi\u00f3n, el jefe comunal hizo entrega del veh\u00edculo Marca ASTARSA, modelo 936, motor CUMMINS, al titular de la Subsecretar\u00eda de Servicios, Alberto Castillo.<\/p>\n\n\n\n<p>Al respecto, el Intendente destac\u00f3 que \u201centregamos una pala cargadora de 2 mts3, que fue adquirida con fondos del programa provincial Caminos Rurales\u201d.<\/p>\n\n\n\n<p>\u201cEsta nueva maquinaria se incorpora al parque vial para seguir mejorando la gran extensi\u00f3n de caminos rurales que tiene el distrito de Patagones\u201d, asegur\u00f3 el mandatario.<\/p>\n\n\n\n<figure class=\"wp-block-gallery has-nested-images columns-default is-cropped wp-block-gallery-1 is-layout-flex wp-block-gallery-is-layout-flex\">\n<figure class=\"wp-block-image size-large\"><img fetchpriority=\"high\" decoding=\"async\" width=\"1024\" height=\"683\" data-id=\"36325\" src=\"https:\/\/www.elpolitologoyelpolitico.com.ar\/wp-content\/uploads\/2023\/11\/IMG-20231121-WA0021-1024x683.jpg\" alt=\"\" class=\"wp-image-36325\" srcset=\"https:\/\/www.elpolitologoyelpolitico.com.ar\/wp-content\/uploads\/2023\/11\/IMG-20231121-WA0021-1024x683.jpg 1024w, https:\/\/www.elpolitologoyelpolitico.com.ar\/wp-content\/uploads\/2023\/11\/IMG-20231121-WA0021-300x200.jpg 300w, https:\/\/www.elpolitologoyelpolitico.com.ar\/wp-content\/uploads\/2023\/11\/IMG-20231121-WA0021-768x512.jpg 768w, https:\/\/www.elpolitologoyelpolitico.com.ar\/wp-content\/uploads\/2023\/11\/IMG-20231121-WA0021-1536x1024.jpg 1536w, https:\/\/www.elpolitologoyelpolitico.com.ar\/wp-content\/uploads\/2023\/11\/IMG-20231121-WA0021.jpg 1599w\" sizes=\"(max-width: 1024px) 100vw, 1024px\" \/><\/figure>\n\n\n\n<figure class=\"wp-block-image\"><img decoding=\"async\" src=\"blob:https:\/\/www.elpolitologoyelpolitico.com.ar\/f00e4851-e49e-4a23-9f55-2b1d168f4c6b\" alt=\"\"\/><\/figure>\n<\/figure>\n<div class=\"fb-background-color\">\n\t\t\t  <div \n\t\t\t  \tclass = \"fb-comments\" \n\t\t\t  \tdata-href = \"https:\/\/www.elpolitologoyelpolitico.com.ar\/wordpress\/2023\/11\/21\/el-intendente-zara-entrego-una-nueva-maquinaria-para-el-mantenimiento-de-caminos-rurales\/\"\n\t\t\t  \tdata-numposts = \"10\"\n\t\t\t  \tdata-lazy = \"true\"\n\t\t\t\tdata-colorscheme = \"light\"\n\t\t\t\tdata-order-by = \"social\"\n\t\t\t\tdata-mobile=true>\n\t\t\t  <\/div><\/div>\n\t\t  <style>\n\t\t    .fb-background-color {\n\t\t\t\tbackground: #ffffff !important;\n\t\t\t}\n\t\t\t.fb_iframe_widget_fluid_desktop iframe {\n\t\t\t    width: 100% !important;\n\t\t\t}\n\t\t  <\/style>\n\t\t  ","protected":false},"excerpt":{"rendered":"<p>Este martes, el Intendente Municipal, Ing. Jos\u00e9 Luis Zara, hizo entrega de nueva maquinaria para la Subsecretar\u00eda de Servicios. Lo acompa\u00f1aron, funcionarios del gabinete municipal y el presidente del Honorable Concejo Deliberante, Julio Costantino. En la ocasi\u00f3n, el jefe comunal hizo entrega del veh\u00edculo Marca ASTARSA, modelo 936, motor CUMMINS, al titular de la Subsecretar\u00eda [&hellip;]<\/p>\n","protected":false},"author":4,"featured_media":36324,"comment_status":"closed","ping_status":"closed","sticky":false,"template":"","format":"standard","meta":{"_joinchat":[],"footnotes":""},"categories":[4],"tags":[],"class_list":["post-36323","post","type-post","status-publish","format-standard","has-post-thumbnail","hentry","category-politicas-publicas"],"_links":{"self":[{"href":"https:\/\/www.elpolitologoyelpolitico.com.ar\/wordpress\/wp-json\/wp\/v2\/posts\/36323","targetHints":{"allow":["GET"]}}],"collection":[{"href":"https:\/\/www.elpolitologoyelpolitico.com.ar\/wordpress\/wp-json\/wp\/v2\/posts"}],"about":[{"href":"https:\/\/www.elpolitologoyelpolitico.com.ar\/wordpress\/wp-json\/wp\/v2\/types\/post"}],"author":[{"embeddable":true,"href":"https:\/\/www.elpolitologoyelpolitico.com.ar\/wordpress\/wp-json\/wp\/v2\/users\/4"}],"replies":[{"embeddable":true,"href":"https:\/\/www.elpolitologoyelpolitico.com.ar\/wordpress\/wp-json\/wp\/v2\/comments?post=36323"}],"version-history":[{"count":1,"href":"https:\/\/www.elpolitologoyelpolitico.com.ar\/wordpress\/wp-json\/wp\/v2\/posts\/36323\/revisions"}],"predecessor-version":[{"id":36326,"href":"https:\/\/www.elpolitologoyelpolitico.com.ar\/wordpress\/wp-json\/wp\/v2\/posts\/36323\/revisions\/36326"}],"wp:featuredmedia":[{"embeddable":true,"href":"https:\/\/www.elpolitologoyelpolitico.com.ar\/wordpress\/wp-json\/wp\/v2\/media\/36324"}],"wp:attachment":[{"href":"https:\/\/www.elpolitologoyelpolitico.com.ar\/wordpress\/wp-json\/wp\/v2\/media?parent=36323"}],"wp:term":[{"taxonomy":"category","embeddable":true,"href":"https:\/\/www.elpolitologoyelpolitico.com.ar\/wordpress\/wp-json\/wp\/v2\/categories?post=36323"},{"taxonomy":"post_tag","embeddable":true,"href":"https:\/\/www.elpolitologoyelpolitico.com.ar\/wordpress\/wp-json\/wp\/v2\/tags?post=36323"}],"curies":[{"name":"wp","href":"https:\/\/api.w.org\/{rel}","templated":true}]}}