{"id":36320,"date":"2023-11-21T18:02:20","date_gmt":"2023-11-21T21:02:20","guid":{"rendered":"https:\/\/www.elpolitologoyelpolitico.com.ar\/wordpress\/?p=36320"},"modified":"2023-11-21T18:02:22","modified_gmt":"2023-11-21T21:02:22","slug":"ricardo-marino-realizo-distintas-gestiones-por-la-emergencia-agropeciaria-la-ley-ovina-y-el-plan-lanar","status":"publish","type":"post","link":"https:\/\/www.elpolitologoyelpolitico.com.ar\/wordpress\/2023\/11\/21\/ricardo-marino-realizo-distintas-gestiones-por-la-emergencia-agropeciaria-la-ley-ovina-y-el-plan-lanar\/","title":{"rendered":"Ricardo Marino realiz\u00f3 distintas gestiones por la Emergencia Agropeciaria, la ley ovina y el plan lanar"},"content":{"rendered":"\n<p>Fue, luego de una reuni\u00f3n con productores en Villalonga la semana pasada, donde expresaron la preocupaci\u00f3n porque a\u00fan no estaba firmada la pr\u00f3rroga de la emergencia en la provincia de Buenos Aires.<\/p>\n\n\n\n<p>Luego de la misma, el intendente electo hizo gestiones, que dieron sus frutos con la firma de la pr\u00f3rroga entre el primero de noviembre del 2023 y el 31 de enero del 2024, para las explotaciones agr\u00edcolas, forestales y frutihort\u00edcolas, y hasta el 30 de abril del pr\u00f3ximo a\u00f1o, para las producciones ganaderas, tamberas y ap\u00edcolas.<\/p>\n\n\n\n<p>Cabe resaltar la participaci\u00f3n activa de la Ministra de Gobierno de la provincia de Buenos Aires Cristina \u00c1lvarez Rodr\u00edguez, qui\u00e9n le inform\u00f3 a Marino este lunes, que la emergencia ya estaba firmada y hab\u00eda sido enviada a la Secretar\u00eda de Agricultura, Ganader\u00eda y Pesca de la Naci\u00f3n, a los efectos de tramitar la emergencia nacional.<\/p>\n\n\n\n<p>Hoy, Ricardo Marino acompa\u00f1ado por Ra\u00fal Rosemberg, participar\u00e1n de un encuentro con el Secretario de Agricultura Ganader\u00eda y Pesca de la Naci\u00f3n Juan Jos\u00e9 Bahillo, a los efectos de acelerar la firma de la emergencia para que a la brevedad tengamos este otro instrumento de declaraci\u00f3n de la emergencia nacional.<\/p>\n\n\n\n<p><em>Gestiones relacionadas con la ley ovina y el plan lanar<\/em><\/p>\n\n\n\n<p>El Intendente Electo Ricardo Marino, contin\u00faa trabajando en temas relevantes para el sector agropecuario, como la declaraci\u00f3n de emergencia nacional y las gestiones relacionadas con la ley ovina y el plan lanar.<\/p>\n\n\n\n<p>Tal como estaba previsto, se realiz\u00f3 la reuni\u00f3n con el secretario de Asuntos Agrarios y Pesca de la Naci\u00f3n, Juan Jos\u00e9 Bahillo y el Secretario de Relaciones Institucionales del Ministerio de Agricultura, Ganader\u00eda y Pesca de la Naci\u00f3n Jorge Solmi, quienes demostraron su compromiso en abordar las inquietudes de los productores de Villalonga y Stroeder.<\/p>\n\n\n\n<p>Adem\u00e1s, es positivo saber que se est\u00e1n realizando gestiones para garantizar que los tr\u00e1mites se paguen con regularidad. Esto es fundamental para brindar apoyo y estabilidad a los productores del partido de Patagones. Marino fue acompa\u00f1ado del Ing. Ra\u00fal Rossemberg.<\/p>\n<div class=\"fb-background-color\">\n\t\t\t  <div \n\t\t\t  \tclass = \"fb-comments\" \n\t\t\t  \tdata-href = \"https:\/\/www.elpolitologoyelpolitico.com.ar\/wordpress\/2023\/11\/21\/ricardo-marino-realizo-distintas-gestiones-por-la-emergencia-agropeciaria-la-ley-ovina-y-el-plan-lanar\/\"\n\t\t\t  \tdata-numposts = \"10\"\n\t\t\t  \tdata-lazy = \"true\"\n\t\t\t\tdata-colorscheme = \"light\"\n\t\t\t\tdata-order-by = \"social\"\n\t\t\t\tdata-mobile=true>\n\t\t\t  <\/div><\/div>\n\t\t  <style>\n\t\t    .fb-background-color {\n\t\t\t\tbackground: #ffffff !important;\n\t\t\t}\n\t\t\t.fb_iframe_widget_fluid_desktop iframe {\n\t\t\t    width: 100% !important;\n\t\t\t}\n\t\t  <\/style>\n\t\t  ","protected":false},"excerpt":{"rendered":"<p>Fue, luego de una reuni\u00f3n con productores en Villalonga la semana pasada, donde expresaron la preocupaci\u00f3n porque a\u00fan no estaba firmada la pr\u00f3rroga de la emergencia en la provincia de Buenos Aires. Luego de la misma, el intendente electo hizo gestiones, que dieron sus frutos con la firma de la pr\u00f3rroga entre el primero de [&hellip;]<\/p>\n","protected":false},"author":4,"featured_media":36321,"comment_status":"closed","ping_status":"closed","sticky":false,"template":"","format":"standard","meta":{"_joinchat":[],"footnotes":""},"categories":[4],"tags":[],"class_list":["post-36320","post","type-post","status-publish","format-standard","has-post-thumbnail","hentry","category-politicas-publicas"],"_links":{"self":[{"href":"https:\/\/www.elpolitologoyelpolitico.com.ar\/wordpress\/wp-json\/wp\/v2\/posts\/36320","targetHints":{"allow":["GET"]}}],"collection":[{"href":"https:\/\/www.elpolitologoyelpolitico.com.ar\/wordpress\/wp-json\/wp\/v2\/posts"}],"about":[{"href":"https:\/\/www.elpolitologoyelpolitico.com.ar\/wordpress\/wp-json\/wp\/v2\/types\/post"}],"author":[{"embeddable":true,"href":"https:\/\/www.elpolitologoyelpolitico.com.ar\/wordpress\/wp-json\/wp\/v2\/users\/4"}],"replies":[{"embeddable":true,"href":"https:\/\/www.elpolitologoyelpolitico.com.ar\/wordpress\/wp-json\/wp\/v2\/comments?post=36320"}],"version-history":[{"count":1,"href":"https:\/\/www.elpolitologoyelpolitico.com.ar\/wordpress\/wp-json\/wp\/v2\/posts\/36320\/revisions"}],"predecessor-version":[{"id":36322,"href":"https:\/\/www.elpolitologoyelpolitico.com.ar\/wordpress\/wp-json\/wp\/v2\/posts\/36320\/revisions\/36322"}],"wp:featuredmedia":[{"embeddable":true,"href":"https:\/\/www.elpolitologoyelpolitico.com.ar\/wordpress\/wp-json\/wp\/v2\/media\/36321"}],"wp:attachment":[{"href":"https:\/\/www.elpolitologoyelpolitico.com.ar\/wordpress\/wp-json\/wp\/v2\/media?parent=36320"}],"wp:term":[{"taxonomy":"category","embeddable":true,"href":"https:\/\/www.elpolitologoyelpolitico.com.ar\/wordpress\/wp-json\/wp\/v2\/categories?post=36320"},{"taxonomy":"post_tag","embeddable":true,"href":"https:\/\/www.elpolitologoyelpolitico.com.ar\/wordpress\/wp-json\/wp\/v2\/tags?post=36320"}],"curies":[{"name":"wp","href":"https:\/\/api.w.org\/{rel}","templated":true}]}}