{"id":36316,"date":"2023-11-21T12:43:08","date_gmt":"2023-11-21T15:43:08","guid":{"rendered":"https:\/\/www.elpolitologoyelpolitico.com.ar\/wordpress\/?p=36316"},"modified":"2023-11-21T12:43:10","modified_gmt":"2023-11-21T15:43:10","slug":"record-absoluto-rio-negro-es-el-primer-tetracampeon-de-los-araucania","status":"publish","type":"post","link":"https:\/\/www.elpolitologoyelpolitico.com.ar\/wordpress\/2023\/11\/21\/record-absoluto-rio-negro-es-el-primer-tetracampeon-de-los-araucania\/","title":{"rendered":"R\u00e9cord absoluto: R\u00edo Negro es el primer tetracampe\u00f3n de los Araucan\u00eda\u00a0"},"content":{"rendered":"\n<p>La delegaci\u00f3n de R\u00edo Negro fue profeta en su tierra, defendi\u00f3 el t\u00edtulo de tricampe\u00f3n, retuvo la Copa Challenger y extendi\u00f3 su racha ganadora a cuatro consagraciones consecutivas, algo in\u00e9dito en el certamen.<\/p>\n\n\n\n<p>La Gobernadora felicit\u00f3 a toda la delegaci\u00f3n rionegrina por este gran logro. \u201cTenemos el orgullo de ver a R\u00edo Negro nuevamente campeona, esta vez con el agregado especial de haber sido en nuestra tierra. Estamos muy felices por nuestros deportistas, sus entrenadores y las familias significan un acompa\u00f1amiento muy importante\u201d.<\/p>\n\n\n\n<p>\u201cTuvimos el honor de recibir los Juegos de la Araucan\u00eda en nuestra provincia, una forma de cerrar esta etapa de la gesti\u00f3n dejando a R\u00edo Negro bien alto. Quiero agradecer y destacar el gran trabajo de todo el equipo del Gobierno Provincial, con la Secretar\u00eda de Deportes a la cabeza, que hizo todo esto posible, con gran esfuerzo y dedicaci\u00f3n, para que cada delegaci\u00f3n se sienta como en casa\u201d, agreg\u00f3.<\/p>\n\n\n\n<p>Por su parte, el secretario de Deporte, Diego Rosati afirm\u00f3 que \u201cestamos desbordados de felicidad y muy orgullosos de la haza\u00f1a de nuestra delegaci\u00f3n\u201d y a\u00f1adi\u00f3 que \u201ctambi\u00e9n estamos muy contentos por el trabajo que hizo el equipo de la Secretar\u00eda de Deporte en toda la provincia para que nuestros pares de Chile y el resto de la Patagonia se sientan a gusto\u201d.<\/p>\n\n\n\n<p>En el camino a esta nueva victoria R\u00edo Negro se qued\u00f3 con la copa de oro en nataci\u00f3n masculina y v\u00f3ley femenino, la de plata en judo y b\u00e1squet femenino y la de bronce en b\u00e1squet masculino y nataci\u00f3n, f\u00fatbol y atletismo femenino.<\/p>\n\n\n\n<p>Adem\u00e1s se ubic\u00f3 en el Top 10 de la rama masculina de v\u00f3ley (4\u00ba), ciclismo (4\u00ba), f\u00fatbol (5\u00ba), judo (5\u00ba) y atletismo (8\u00ba). En la femenina tambi\u00e9n logr\u00f3 el quinto puesto en ciclismo, lo que sirvi\u00f3 para sumar 214 puntos en la tabla general.<\/p>\n\n\n\n<p>Con este logro la Provincia rompi\u00f3 un nuevo r\u00e9cord en el certamen, convirti\u00e9ndose en el primer participante en conseguir cuatro t\u00edtulos consecutivos: Magallanes 2018, La Pampa 2019, Los Lagos 2022 y R\u00edo Negro 2023 (en 2020 y 2021 la competencia se suspendi\u00f3 por la pandemia de Covid-19).<\/p>\n\n\n\n<p>Cabe destacar adem\u00e1s que R\u00edo Negro extendi\u00f3 su palmar\u00e9s como m\u00e1xima ganadora de los Juegos de la Araucan\u00eda, sumando 14 t\u00edtulos en 30 ediciones.<\/p>\n\n\n\n<p>RESULTADOS<\/p>\n\n\n\n<p>JUDO MASCULINO: QUINTO&nbsp;<\/p>\n\n\n\n<p>JUDO FEMENINO: PLATA<\/p>\n\n\n\n<p>B\u00c1SQUET MASCULINO: BRONCE&nbsp;<\/p>\n\n\n\n<p>B\u00c1SQUET FEMENINO: PLATA<\/p>\n\n\n\n<p>CICLISMO MASCULINO: CUARTO<\/p>\n\n\n\n<p>CICLISMO FEMENINO: QUINTO<\/p>\n\n\n\n<p>NATACI\u00d3N MASCULINA: ORO<\/p>\n\n\n\n<p>NATACI\u00d3N FEMENINA: BRONCE&nbsp;<\/p>\n\n\n\n<p>ATLETISMO MASCULINO: OCTAVO&nbsp;<\/p>\n\n\n\n<p>ATLETISMO FEMENINO: BRONCE&nbsp;<\/p>\n\n\n\n<p>F\u00daTBOL MASCULINO: QUINTO<\/p>\n\n\n\n<p>F\u00daTBOL FEMENINO: BRONCE&nbsp;<\/p>\n\n\n\n<p>V\u00d3LEY MASCULI<\/p>\n\n\n\n<p>NO: CUARTO<\/p>\n\n\n\n<p>V\u00d3LEY FEMENINO: ORO<\/p>\n\n\n\n<figure class=\"wp-block-image size-large\"><img fetchpriority=\"high\" decoding=\"async\" width=\"1024\" height=\"768\" src=\"https:\/\/www.elpolitologoyelpolitico.com.ar\/wp-content\/uploads\/2023\/11\/IMG-20231121-WA0007-1024x768.jpg\" alt=\"\" class=\"wp-image-36318\" srcset=\"https:\/\/www.elpolitologoyelpolitico.com.ar\/wp-content\/uploads\/2023\/11\/IMG-20231121-WA0007-1024x768.jpg 1024w, https:\/\/www.elpolitologoyelpolitico.com.ar\/wp-content\/uploads\/2023\/11\/IMG-20231121-WA0007-300x225.jpg 300w, https:\/\/www.elpolitologoyelpolitico.com.ar\/wp-content\/uploads\/2023\/11\/IMG-20231121-WA0007-768x576.jpg 768w, https:\/\/www.elpolitologoyelpolitico.com.ar\/wp-content\/uploads\/2023\/11\/IMG-20231121-WA0007.jpg 1280w\" sizes=\"(max-width: 1024px) 100vw, 1024px\" \/><\/figure>\n<div class=\"fb-background-color\">\n\t\t\t  <div \n\t\t\t  \tclass = \"fb-comments\" \n\t\t\t  \tdata-href = \"https:\/\/www.elpolitologoyelpolitico.com.ar\/wordpress\/2023\/11\/21\/record-absoluto-rio-negro-es-el-primer-tetracampeon-de-los-araucania\/\"\n\t\t\t  \tdata-numposts = \"10\"\n\t\t\t  \tdata-lazy = \"true\"\n\t\t\t\tdata-colorscheme = \"light\"\n\t\t\t\tdata-order-by = \"social\"\n\t\t\t\tdata-mobile=true>\n\t\t\t  <\/div><\/div>\n\t\t  <style>\n\t\t    .fb-background-color {\n\t\t\t\tbackground: #ffffff !important;\n\t\t\t}\n\t\t\t.fb_iframe_widget_fluid_desktop iframe {\n\t\t\t    width: 100% !important;\n\t\t\t}\n\t\t  <\/style>\n\t\t  ","protected":false},"excerpt":{"rendered":"<p>La delegaci\u00f3n de R\u00edo Negro fue profeta en su tierra, defendi\u00f3 el t\u00edtulo de tricampe\u00f3n, retuvo la Copa Challenger y extendi\u00f3 su racha ganadora a cuatro consagraciones consecutivas, algo in\u00e9dito en el certamen. La Gobernadora felicit\u00f3 a toda la delegaci\u00f3n rionegrina por este gran logro. \u201cTenemos el orgullo de ver a R\u00edo Negro nuevamente campeona, [&hellip;]<\/p>\n","protected":false},"author":4,"featured_media":36317,"comment_status":"closed","ping_status":"closed","sticky":false,"template":"","format":"standard","meta":{"_joinchat":[],"footnotes":""},"categories":[39],"tags":[],"class_list":["post-36316","post","type-post","status-publish","format-standard","has-post-thumbnail","hentry","category-en-esta-seccion"],"_links":{"self":[{"href":"https:\/\/www.elpolitologoyelpolitico.com.ar\/wordpress\/wp-json\/wp\/v2\/posts\/36316","targetHints":{"allow":["GET"]}}],"collection":[{"href":"https:\/\/www.elpolitologoyelpolitico.com.ar\/wordpress\/wp-json\/wp\/v2\/posts"}],"about":[{"href":"https:\/\/www.elpolitologoyelpolitico.com.ar\/wordpress\/wp-json\/wp\/v2\/types\/post"}],"author":[{"embeddable":true,"href":"https:\/\/www.elpolitologoyelpolitico.com.ar\/wordpress\/wp-json\/wp\/v2\/users\/4"}],"replies":[{"embeddable":true,"href":"https:\/\/www.elpolitologoyelpolitico.com.ar\/wordpress\/wp-json\/wp\/v2\/comments?post=36316"}],"version-history":[{"count":1,"href":"https:\/\/www.elpolitologoyelpolitico.com.ar\/wordpress\/wp-json\/wp\/v2\/posts\/36316\/revisions"}],"predecessor-version":[{"id":36319,"href":"https:\/\/www.elpolitologoyelpolitico.com.ar\/wordpress\/wp-json\/wp\/v2\/posts\/36316\/revisions\/36319"}],"wp:featuredmedia":[{"embeddable":true,"href":"https:\/\/www.elpolitologoyelpolitico.com.ar\/wordpress\/wp-json\/wp\/v2\/media\/36317"}],"wp:attachment":[{"href":"https:\/\/www.elpolitologoyelpolitico.com.ar\/wordpress\/wp-json\/wp\/v2\/media?parent=36316"}],"wp:term":[{"taxonomy":"category","embeddable":true,"href":"https:\/\/www.elpolitologoyelpolitico.com.ar\/wordpress\/wp-json\/wp\/v2\/categories?post=36316"},{"taxonomy":"post_tag","embeddable":true,"href":"https:\/\/www.elpolitologoyelpolitico.com.ar\/wordpress\/wp-json\/wp\/v2\/tags?post=36316"}],"curies":[{"name":"wp","href":"https:\/\/api.w.org\/{rel}","templated":true}]}}