{"id":36310,"date":"2023-11-21T12:31:41","date_gmt":"2023-11-21T15:31:41","guid":{"rendered":"https:\/\/www.elpolitologoyelpolitico.com.ar\/wordpress\/?p=36310"},"modified":"2023-11-21T12:31:42","modified_gmt":"2023-11-21T15:31:42","slug":"se-viene-un-concierto-de-pelicula-con-la-orquesta-del-bicentenario-de-viedma","status":"publish","type":"post","link":"https:\/\/www.elpolitologoyelpolitico.com.ar\/wordpress\/2023\/11\/21\/se-viene-un-concierto-de-pelicula-con-la-orquesta-del-bicentenario-de-viedma\/","title":{"rendered":"Se viene un \u201cConcierto de Pel\u00edcula\u201d con la Orquesta del Bicentenario de Viedma"},"content":{"rendered":"\n<p>Ma\u00f1ana, mi\u00e9rcoles 22 de noviembre a partir de las 20hs en el Centro Municipal de Cultura la Orquesta del Bicentenario de Viedma presenta un \u201cConcierto de Pel\u00edcula\u201d con entrada libre y gratuita.<\/p>\n\n\n\n<p>La presentaci\u00f3n contar\u00e1 adem\u00e1s con la participaci\u00f3n del Coro del Hospital Zatti, ambos con la direcci\u00f3n de Isabel Oliveros .<\/p>\n\n\n\n<p>Un concierto cargado de emociones y mucha diversi\u00f3n, en d\u00f3nde se unen ni\u00f1os y ni\u00f1as que tienen solo 15 d\u00edas tocando, experiencia que no solo es enriquecedora para ellos, si no que nos llena de mucho orgullo ya que es el camino correcto hacia el objetivo de la Orquesta: \u00abllenar la Comarca de m\u00fasica.<\/p>\n\n\n\n<p>La Orquesta del Bicentenario de Viedma, pertenece al Programa de Orquestas y Coros de la Provincia de R\u00edo Negro y en esta oportunidad en un concierto armado por los ni\u00f1os, ni\u00f1as y j\u00f3venes, quienes propusieron cada una de las obras que van a escuchar.<\/p>\n\n\n\n<p>Este proyecto pedag\u00f3gico musical funciona en la Escuela N\u00b0154 de nuestra ciudad y mantiene las inscripciones abiertas durante todo el a\u00f1o desarrollando su trabajo social, brinda contenci\u00f3n y genera fuertes lazos comunitarios posibilitando la oportunidad de acceder a un instrumento y formaci\u00f3n musical.<\/p>\n<div class=\"fb-background-color\">\n\t\t\t  <div \n\t\t\t  \tclass = \"fb-comments\" \n\t\t\t  \tdata-href = \"https:\/\/www.elpolitologoyelpolitico.com.ar\/wordpress\/2023\/11\/21\/se-viene-un-concierto-de-pelicula-con-la-orquesta-del-bicentenario-de-viedma\/\"\n\t\t\t  \tdata-numposts = \"10\"\n\t\t\t  \tdata-lazy = \"true\"\n\t\t\t\tdata-colorscheme = \"light\"\n\t\t\t\tdata-order-by = \"social\"\n\t\t\t\tdata-mobile=true>\n\t\t\t  <\/div><\/div>\n\t\t  <style>\n\t\t    .fb-background-color {\n\t\t\t\tbackground: #ffffff !important;\n\t\t\t}\n\t\t\t.fb_iframe_widget_fluid_desktop iframe {\n\t\t\t    width: 100% !important;\n\t\t\t}\n\t\t  <\/style>\n\t\t  ","protected":false},"excerpt":{"rendered":"<p>Ma\u00f1ana, mi\u00e9rcoles 22 de noviembre a partir de las 20hs en el Centro Municipal de Cultura la Orquesta del Bicentenario de Viedma presenta un \u201cConcierto de Pel\u00edcula\u201d con entrada libre y gratuita. La presentaci\u00f3n contar\u00e1 adem\u00e1s con la participaci\u00f3n del Coro del Hospital Zatti, ambos con la direcci\u00f3n de Isabel Oliveros . Un concierto cargado [&hellip;]<\/p>\n","protected":false},"author":4,"featured_media":36311,"comment_status":"closed","ping_status":"closed","sticky":false,"template":"","format":"standard","meta":{"_joinchat":[],"footnotes":""},"categories":[39],"tags":[],"class_list":["post-36310","post","type-post","status-publish","format-standard","has-post-thumbnail","hentry","category-en-esta-seccion"],"_links":{"self":[{"href":"https:\/\/www.elpolitologoyelpolitico.com.ar\/wordpress\/wp-json\/wp\/v2\/posts\/36310","targetHints":{"allow":["GET"]}}],"collection":[{"href":"https:\/\/www.elpolitologoyelpolitico.com.ar\/wordpress\/wp-json\/wp\/v2\/posts"}],"about":[{"href":"https:\/\/www.elpolitologoyelpolitico.com.ar\/wordpress\/wp-json\/wp\/v2\/types\/post"}],"author":[{"embeddable":true,"href":"https:\/\/www.elpolitologoyelpolitico.com.ar\/wordpress\/wp-json\/wp\/v2\/users\/4"}],"replies":[{"embeddable":true,"href":"https:\/\/www.elpolitologoyelpolitico.com.ar\/wordpress\/wp-json\/wp\/v2\/comments?post=36310"}],"version-history":[{"count":1,"href":"https:\/\/www.elpolitologoyelpolitico.com.ar\/wordpress\/wp-json\/wp\/v2\/posts\/36310\/revisions"}],"predecessor-version":[{"id":36312,"href":"https:\/\/www.elpolitologoyelpolitico.com.ar\/wordpress\/wp-json\/wp\/v2\/posts\/36310\/revisions\/36312"}],"wp:featuredmedia":[{"embeddable":true,"href":"https:\/\/www.elpolitologoyelpolitico.com.ar\/wordpress\/wp-json\/wp\/v2\/media\/36311"}],"wp:attachment":[{"href":"https:\/\/www.elpolitologoyelpolitico.com.ar\/wordpress\/wp-json\/wp\/v2\/media?parent=36310"}],"wp:term":[{"taxonomy":"category","embeddable":true,"href":"https:\/\/www.elpolitologoyelpolitico.com.ar\/wordpress\/wp-json\/wp\/v2\/categories?post=36310"},{"taxonomy":"post_tag","embeddable":true,"href":"https:\/\/www.elpolitologoyelpolitico.com.ar\/wordpress\/wp-json\/wp\/v2\/tags?post=36310"}],"curies":[{"name":"wp","href":"https:\/\/api.w.org\/{rel}","templated":true}]}}