{"id":36307,"date":"2023-11-21T12:19:59","date_gmt":"2023-11-21T15:19:59","guid":{"rendered":"https:\/\/www.elpolitologoyelpolitico.com.ar\/wordpress\/?p=36307"},"modified":"2023-11-21T12:20:00","modified_gmt":"2023-11-21T15:20:00","slug":"el-presidente-electo-javier-milei-se-reunio-con-el-presidente-actual-alberto-fernandez-en-la-quinta-de-olivos","status":"publish","type":"post","link":"https:\/\/www.elpolitologoyelpolitico.com.ar\/wordpress\/2023\/11\/21\/el-presidente-electo-javier-milei-se-reunio-con-el-presidente-actual-alberto-fernandez-en-la-quinta-de-olivos\/","title":{"rendered":"El presidente electo Javier Milei se reuni\u00f3 con el presidente actual Alberto Fern\u00e1ndez en la Quinta de Olivos"},"content":{"rendered":"\n<p>El presidente electo y el mandatario mantuvieron el primer encuentro cara a cara tras el balotaje. El l\u00edder libertario ingres\u00f3 a las 8:17 a la residencia presidencial para la cumbre, que estaba pactada oficialmente para las 8:30. La cumbre culmin\u00f3 pasadas las 10:30. \u201cFue amable, respetuosa e institucional\u201d, afirmaron fuentes del Gobierno<\/p>\n\n\n\n<p>El presidente electo,&nbsp;Javier Milei, se reuni\u00f3 este martes con Alberto Fern\u00e1ndez en la Quinta de Olivos para iniciar oficialmente la transici\u00f3n institucional tras el balotaje del domingo.<\/p>\n\n\n\n<p>El mandatario electo parti\u00f3 desde el Hotel Libertador a las 7:32 rumbo a Olivos e ingres\u00f3 a la quinta presidencial a las 8:17. Alrededor de las 9:20, el Gobierno difundi\u00f3 un comunicado oficial del encuentro.<\/p>\n\n\n\n<p>\u201cEl Presidente de la Naci\u00f3n, Dr. Alberto Fern\u00e1ndez, recibi\u00f3 esta ma\u00f1ana al Presidente electo Dr. Javier Milei, quien asumir\u00e1 sus funciones constitucionales al frente del Poder Ejecutivo Nacional a partir del pr\u00f3ximo 10 de diciembre. El encuentro se llev\u00f3 adelante en la residencia presidencial de Olivos, con el objeto de dar inicio al proceso de transici\u00f3n institucional entre los equipos designados por ambos en las distintas \u00e1reas de gobierno\u201d, se\u00f1ala la nota de prensa, que fue acompa\u00f1ada por una fotograf\u00eda de ambos dirigentes.<\/p>\n\n\n\n<p>Sin embargo, tras la difusi\u00f3n de la foto oficial y del comunicado, Fern\u00e1ndez y Milei continuar\u00f3n con el di\u00e1logo, seg\u00fan pudo saber Infobae. Finalmente, la reuni\u00f3n culmin\u00f3 poco m\u00e1s de dos horas despu\u00e9s de iniciada, pasadas las 10:30.<br>\u201cSe hizo un repaso de los temas de Estado. No hubo ning\u00fan pedido de ning\u00fan tema. Se hizo un repaso de la agenda agenda internacional y se acord\u00f3 dar inicio a los equipos de transici\u00f3n con enlaces en todas las \u00e1reas. Fue amable, respetuosa e institucional\u201d, se\u00f1alaron fuentes del Gobierno.<\/p>\n\n\n\n<p>Fern\u00e1ndez y Milei hab\u00edan mantenido un breve di\u00e1logo telef\u00f3nico el domingo -facilitado por el diputado&nbsp;Eduardo Vald\u00e9s&nbsp;y&nbsp;Guillermo Francos, futuro ministro del Interior-, lo que hab\u00eda alimentado la posibilidad de que el encuentro cara a cara se produjera el lunes, pero eso no ocurri\u00f3.<\/p>\n<div class=\"fb-background-color\">\n\t\t\t  <div \n\t\t\t  \tclass = \"fb-comments\" \n\t\t\t  \tdata-href = \"https:\/\/www.elpolitologoyelpolitico.com.ar\/wordpress\/2023\/11\/21\/el-presidente-electo-javier-milei-se-reunio-con-el-presidente-actual-alberto-fernandez-en-la-quinta-de-olivos\/\"\n\t\t\t  \tdata-numposts = \"10\"\n\t\t\t  \tdata-lazy = \"true\"\n\t\t\t\tdata-colorscheme = \"light\"\n\t\t\t\tdata-order-by = \"social\"\n\t\t\t\tdata-mobile=true>\n\t\t\t  <\/div><\/div>\n\t\t  <style>\n\t\t    .fb-background-color {\n\t\t\t\tbackground: #ffffff !important;\n\t\t\t}\n\t\t\t.fb_iframe_widget_fluid_desktop iframe {\n\t\t\t    width: 100% !important;\n\t\t\t}\n\t\t  <\/style>\n\t\t  ","protected":false},"excerpt":{"rendered":"<p>El presidente electo y el mandatario mantuvieron el primer encuentro cara a cara tras el balotaje. El l\u00edder libertario ingres\u00f3 a las 8:17 a la residencia presidencial para la cumbre, que estaba pactada oficialmente para las 8:30. La cumbre culmin\u00f3 pasadas las 10:30. \u201cFue amable, respetuosa e institucional\u201d, afirmaron fuentes del Gobierno El presidente electo,&nbsp;Javier [&hellip;]<\/p>\n","protected":false},"author":4,"featured_media":36308,"comment_status":"closed","ping_status":"closed","sticky":false,"template":"","format":"standard","meta":{"_joinchat":[],"footnotes":""},"categories":[39],"tags":[],"class_list":["post-36307","post","type-post","status-publish","format-standard","has-post-thumbnail","hentry","category-en-esta-seccion"],"_links":{"self":[{"href":"https:\/\/www.elpolitologoyelpolitico.com.ar\/wordpress\/wp-json\/wp\/v2\/posts\/36307","targetHints":{"allow":["GET"]}}],"collection":[{"href":"https:\/\/www.elpolitologoyelpolitico.com.ar\/wordpress\/wp-json\/wp\/v2\/posts"}],"about":[{"href":"https:\/\/www.elpolitologoyelpolitico.com.ar\/wordpress\/wp-json\/wp\/v2\/types\/post"}],"author":[{"embeddable":true,"href":"https:\/\/www.elpolitologoyelpolitico.com.ar\/wordpress\/wp-json\/wp\/v2\/users\/4"}],"replies":[{"embeddable":true,"href":"https:\/\/www.elpolitologoyelpolitico.com.ar\/wordpress\/wp-json\/wp\/v2\/comments?post=36307"}],"version-history":[{"count":1,"href":"https:\/\/www.elpolitologoyelpolitico.com.ar\/wordpress\/wp-json\/wp\/v2\/posts\/36307\/revisions"}],"predecessor-version":[{"id":36309,"href":"https:\/\/www.elpolitologoyelpolitico.com.ar\/wordpress\/wp-json\/wp\/v2\/posts\/36307\/revisions\/36309"}],"wp:featuredmedia":[{"embeddable":true,"href":"https:\/\/www.elpolitologoyelpolitico.com.ar\/wordpress\/wp-json\/wp\/v2\/media\/36308"}],"wp:attachment":[{"href":"https:\/\/www.elpolitologoyelpolitico.com.ar\/wordpress\/wp-json\/wp\/v2\/media?parent=36307"}],"wp:term":[{"taxonomy":"category","embeddable":true,"href":"https:\/\/www.elpolitologoyelpolitico.com.ar\/wordpress\/wp-json\/wp\/v2\/categories?post=36307"},{"taxonomy":"post_tag","embeddable":true,"href":"https:\/\/www.elpolitologoyelpolitico.com.ar\/wordpress\/wp-json\/wp\/v2\/tags?post=36307"}],"curies":[{"name":"wp","href":"https:\/\/api.w.org\/{rel}","templated":true}]}}