{"id":36290,"date":"2023-11-19T18:58:23","date_gmt":"2023-11-19T21:58:23","guid":{"rendered":"https:\/\/www.elpolitologoyelpolitico.com.ar\/wordpress\/?p=36290"},"modified":"2023-11-19T18:58:23","modified_gmt":"2023-11-19T21:58:23","slug":"para-vos-quien-gano-el-balotaje-javier-milei-o-sergio-massa","status":"publish","type":"post","link":"https:\/\/www.elpolitologoyelpolitico.com.ar\/wordpress\/2023\/11\/19\/para-vos-quien-gano-el-balotaje-javier-milei-o-sergio-massa\/","title":{"rendered":"\u00bfPara vos qui\u00e9n gan\u00f3 el Balotaje Javier Milei o Sergio Massa?"},"content":{"rendered":"\n<p><\/p>\n\n\n\n<p>Hasta las 20:30 o 21 horas no habr\u00e1 informaci\u00f3n oficial con respecto a los resultados del balotaje entre Javier Milei, de La Libertad Avanza y Sergio Massa de Uni\u00f3n por la Patria.<\/p>\n\n\n\n<p>\u00bfPara vos qui\u00e9n gan\u00f3 el Balotaje Javier Milei o Sergio Massa?<\/p>\n<div class=\"fb-background-color\">\n\t\t\t  <div \n\t\t\t  \tclass = \"fb-comments\" \n\t\t\t  \tdata-href = \"https:\/\/www.elpolitologoyelpolitico.com.ar\/wordpress\/2023\/11\/19\/para-vos-quien-gano-el-balotaje-javier-milei-o-sergio-massa\/\"\n\t\t\t  \tdata-numposts = \"10\"\n\t\t\t  \tdata-lazy = \"true\"\n\t\t\t\tdata-colorscheme = \"light\"\n\t\t\t\tdata-order-by = \"social\"\n\t\t\t\tdata-mobile=true>\n\t\t\t  <\/div><\/div>\n\t\t  <style>\n\t\t    .fb-background-color {\n\t\t\t\tbackground: #ffffff !important;\n\t\t\t}\n\t\t\t.fb_iframe_widget_fluid_desktop iframe {\n\t\t\t    width: 100% !important;\n\t\t\t}\n\t\t  <\/style>\n\t\t  ","protected":false},"excerpt":{"rendered":"<p>Hasta las 20:30 o 21 horas no habr\u00e1 informaci\u00f3n oficial con respecto a los resultados del balotaje entre Javier Milei, de La Libertad Avanza y Sergio Massa de Uni\u00f3n por la Patria. \u00bfPara vos qui\u00e9n gan\u00f3 el Balotaje Javier Milei o Sergio Massa?<\/p>\n","protected":false},"author":2,"featured_media":36291,"comment_status":"closed","ping_status":"closed","sticky":false,"template":"","format":"standard","meta":{"_joinchat":[],"footnotes":""},"categories":[38],"tags":[],"class_list":["post-36290","post","type-post","status-publish","format-standard","has-post-thumbnail","hentry","category-elecciones"],"_links":{"self":[{"href":"https:\/\/www.elpolitologoyelpolitico.com.ar\/wordpress\/wp-json\/wp\/v2\/posts\/36290","targetHints":{"allow":["GET"]}}],"collection":[{"href":"https:\/\/www.elpolitologoyelpolitico.com.ar\/wordpress\/wp-json\/wp\/v2\/posts"}],"about":[{"href":"https:\/\/www.elpolitologoyelpolitico.com.ar\/wordpress\/wp-json\/wp\/v2\/types\/post"}],"author":[{"embeddable":true,"href":"https:\/\/www.elpolitologoyelpolitico.com.ar\/wordpress\/wp-json\/wp\/v2\/users\/2"}],"replies":[{"embeddable":true,"href":"https:\/\/www.elpolitologoyelpolitico.com.ar\/wordpress\/wp-json\/wp\/v2\/comments?post=36290"}],"version-history":[{"count":1,"href":"https:\/\/www.elpolitologoyelpolitico.com.ar\/wordpress\/wp-json\/wp\/v2\/posts\/36290\/revisions"}],"predecessor-version":[{"id":36292,"href":"https:\/\/www.elpolitologoyelpolitico.com.ar\/wordpress\/wp-json\/wp\/v2\/posts\/36290\/revisions\/36292"}],"wp:featuredmedia":[{"embeddable":true,"href":"https:\/\/www.elpolitologoyelpolitico.com.ar\/wordpress\/wp-json\/wp\/v2\/media\/36291"}],"wp:attachment":[{"href":"https:\/\/www.elpolitologoyelpolitico.com.ar\/wordpress\/wp-json\/wp\/v2\/media?parent=36290"}],"wp:term":[{"taxonomy":"category","embeddable":true,"href":"https:\/\/www.elpolitologoyelpolitico.com.ar\/wordpress\/wp-json\/wp\/v2\/categories?post=36290"},{"taxonomy":"post_tag","embeddable":true,"href":"https:\/\/www.elpolitologoyelpolitico.com.ar\/wordpress\/wp-json\/wp\/v2\/tags?post=36290"}],"curies":[{"name":"wp","href":"https:\/\/api.w.org\/{rel}","templated":true}]}}