{"id":36274,"date":"2023-11-19T14:23:14","date_gmt":"2023-11-19T17:23:14","guid":{"rendered":"https:\/\/www.elpolitologoyelpolitico.com.ar\/wordpress\/?p=36274"},"modified":"2023-11-19T20:52:26","modified_gmt":"2023-11-19T23:52:26","slug":"lorena-villaverde-las-espectativas-para-este-domingo-es-que-argentina-vuelva-a-tener-libertad","status":"publish","type":"post","link":"https:\/\/www.elpolitologoyelpolitico.com.ar\/wordpress\/2023\/11\/19\/lorena-villaverde-las-espectativas-para-este-domingo-es-que-argentina-vuelva-a-tener-libertad\/","title":{"rendered":"Lorena Villaverde: \u00abLas expectativas para este domingo es que Argentina vuelva a tener Libertad\u00bb"},"content":{"rendered":"\n<p><\/p>\n\n\n\n<p>La Diputada Nacional por La Libertad Avanza Lorena Villaverde emiti\u00f3 su voto en Las Grutas y expres\u00f3 \u00abCon la confianza depositada en Dios y con mucha esperanza e ilusi\u00f3n cumpl\u00ed con esta maravillosa posibilidad de elegir. Un momento muy especial e hist\u00f3rico pensando en la familia, la libertad y la vida\u00bb<\/p>\n\n\n\n<p>Agreg\u00f3 \u00abLas expectativas para este domingo es que Argentina vuelva a tener Libertad y para eso es muy importante la participacion de los ciudadanos en el balotaje\u00bb<\/p>\n\n\n\n<p>La fiscalizaci\u00f3n fue uno de los ejes mas importante para La Libertad Avanza y Villaverde aclar\u00f3 \u00abEs un trabajo de lo mas noble como soldados valientes que fuimos a defender la Patria y ese es el trabajo que estan realizando los fiscales en en balotaje\u00bb.<\/p>\n\n\n\n<p>Seg\u00fan la Diputada electa de La Libertdad Avanza \u00abTodos los rionegrinos que adherimos a las ideas de Javier Milei fuimos protagonistas de esta transformaci\u00f3n que nos pone enfrente de la casta pol\u00edtica y de todo el aparato pol\u00edtico. Elegimos tener una alternativa distinta en nuestra Provincia y a Nivel Nacional\u00bb.<\/p>\n\n\n\n<p>VIllaverde viaj\u00f3 a Buenos Aires para encontrarse con Javier Milei y todo su equipo en el Hotel Libertador<\/p>\n\n\n\n<p>\u00abVamos a festejar este domingo como nos mercemos\u00bb finaliz\u00f3 la referente de la Libertad Avanza en R\u00edo Negro.<\/p>\n\n\n\n<figure class=\"wp-block-image size-large is-resized\"><img fetchpriority=\"high\" decoding=\"async\" width=\"1024\" height=\"587\" src=\"https:\/\/www.elpolitologoyelpolitico.com.ar\/wp-content\/uploads\/2023\/11\/IMG-20231119-WA00301-1024x587.jpg\" alt=\"\" class=\"wp-image-36276\" style=\"width:368px;height:auto\" srcset=\"https:\/\/www.elpolitologoyelpolitico.com.ar\/wp-content\/uploads\/2023\/11\/IMG-20231119-WA00301-1024x587.jpg 1024w, https:\/\/www.elpolitologoyelpolitico.com.ar\/wp-content\/uploads\/2023\/11\/IMG-20231119-WA00301-300x172.jpg 300w, https:\/\/www.elpolitologoyelpolitico.com.ar\/wp-content\/uploads\/2023\/11\/IMG-20231119-WA00301-768x440.jpg 768w, https:\/\/www.elpolitologoyelpolitico.com.ar\/wp-content\/uploads\/2023\/11\/IMG-20231119-WA00301-1536x880.jpg 1536w, https:\/\/www.elpolitologoyelpolitico.com.ar\/wp-content\/uploads\/2023\/11\/IMG-20231119-WA00301.jpg 1599w\" sizes=\"(max-width: 1024px) 100vw, 1024px\" \/><\/figure>\n\n\n\n<p>FOTO: Diputada electa Lorena Villaverde y la Concejala electa por el espacio de Milei en Viedma, Ivi Silvina Franco. <\/p>\n<div class=\"fb-background-color\">\n\t\t\t  <div \n\t\t\t  \tclass = \"fb-comments\" \n\t\t\t  \tdata-href = \"https:\/\/www.elpolitologoyelpolitico.com.ar\/wordpress\/2023\/11\/19\/lorena-villaverde-las-espectativas-para-este-domingo-es-que-argentina-vuelva-a-tener-libertad\/\"\n\t\t\t  \tdata-numposts = \"10\"\n\t\t\t  \tdata-lazy = \"true\"\n\t\t\t\tdata-colorscheme = \"light\"\n\t\t\t\tdata-order-by = \"social\"\n\t\t\t\tdata-mobile=true>\n\t\t\t  <\/div><\/div>\n\t\t  <style>\n\t\t    .fb-background-color {\n\t\t\t\tbackground: #ffffff !important;\n\t\t\t}\n\t\t\t.fb_iframe_widget_fluid_desktop iframe {\n\t\t\t    width: 100% !important;\n\t\t\t}\n\t\t  <\/style>\n\t\t  ","protected":false},"excerpt":{"rendered":"<p>La Diputada Nacional por La Libertad Avanza Lorena Villaverde emiti\u00f3 su voto en Las Grutas y expres\u00f3 \u00abCon la confianza depositada en Dios y con mucha esperanza e ilusi\u00f3n cumpl\u00ed con esta maravillosa posibilidad de elegir. Un momento muy especial e hist\u00f3rico pensando en la familia, la libertad y la vida\u00bb Agreg\u00f3 \u00abLas expectativas para [&hellip;]<\/p>\n","protected":false},"author":2,"featured_media":36278,"comment_status":"closed","ping_status":"closed","sticky":false,"template":"","format":"standard","meta":{"_joinchat":[],"footnotes":""},"categories":[38],"tags":[],"class_list":["post-36274","post","type-post","status-publish","format-standard","has-post-thumbnail","hentry","category-elecciones"],"_links":{"self":[{"href":"https:\/\/www.elpolitologoyelpolitico.com.ar\/wordpress\/wp-json\/wp\/v2\/posts\/36274","targetHints":{"allow":["GET"]}}],"collection":[{"href":"https:\/\/www.elpolitologoyelpolitico.com.ar\/wordpress\/wp-json\/wp\/v2\/posts"}],"about":[{"href":"https:\/\/www.elpolitologoyelpolitico.com.ar\/wordpress\/wp-json\/wp\/v2\/types\/post"}],"author":[{"embeddable":true,"href":"https:\/\/www.elpolitologoyelpolitico.com.ar\/wordpress\/wp-json\/wp\/v2\/users\/2"}],"replies":[{"embeddable":true,"href":"https:\/\/www.elpolitologoyelpolitico.com.ar\/wordpress\/wp-json\/wp\/v2\/comments?post=36274"}],"version-history":[{"count":2,"href":"https:\/\/www.elpolitologoyelpolitico.com.ar\/wordpress\/wp-json\/wp\/v2\/posts\/36274\/revisions"}],"predecessor-version":[{"id":36302,"href":"https:\/\/www.elpolitologoyelpolitico.com.ar\/wordpress\/wp-json\/wp\/v2\/posts\/36274\/revisions\/36302"}],"wp:featuredmedia":[{"embeddable":true,"href":"https:\/\/www.elpolitologoyelpolitico.com.ar\/wordpress\/wp-json\/wp\/v2\/media\/36278"}],"wp:attachment":[{"href":"https:\/\/www.elpolitologoyelpolitico.com.ar\/wordpress\/wp-json\/wp\/v2\/media?parent=36274"}],"wp:term":[{"taxonomy":"category","embeddable":true,"href":"https:\/\/www.elpolitologoyelpolitico.com.ar\/wordpress\/wp-json\/wp\/v2\/categories?post=36274"},{"taxonomy":"post_tag","embeddable":true,"href":"https:\/\/www.elpolitologoyelpolitico.com.ar\/wordpress\/wp-json\/wp\/v2\/tags?post=36274"}],"curies":[{"name":"wp","href":"https:\/\/api.w.org\/{rel}","templated":true}]}}