{"id":36255,"date":"2023-11-17T22:47:45","date_gmt":"2023-11-18T01:47:45","guid":{"rendered":"https:\/\/www.elpolitologoyelpolitico.com.ar\/wordpress\/?p=36255"},"modified":"2023-11-17T22:47:47","modified_gmt":"2023-11-18T01:47:47","slug":"el-centro-municipal-de-adicciones-cuenta-con-un-nuevo-espacio-en-patagones","status":"publish","type":"post","link":"https:\/\/www.elpolitologoyelpolitico.com.ar\/wordpress\/2023\/11\/17\/el-centro-municipal-de-adicciones-cuenta-con-un-nuevo-espacio-en-patagones\/","title":{"rendered":"El Centro Municipal de Adicciones cuenta con un nuevo espacio en Patagones"},"content":{"rendered":"\n<p>El Centro Municipal de Adicciones -CMA- cuenta con un espacio de primera escucha, gratuito y confidencial, abierto a toda persona que atraviesa por el consumo problem\u00e1tico de sustancias psicoactivas. Tambi\u00e9n est\u00e1 disponible para familiares o allegados que necesiten las herramientas para contener o convencer a alguien de iniciar un tratamiento de recuperaci\u00f3n.<\/p>\n\n\n\n<p>El espacio est\u00e1 ubicado en dependencias de la Secretar\u00eda de Desarrollo Social, en la calle Roque Saenz Pe\u00f1a y Bertorello, de Carmen de Patagones. Se pueden realizar consultas previas al 02920-462082.<\/p>\n<div class=\"fb-background-color\">\n\t\t\t  <div \n\t\t\t  \tclass = \"fb-comments\" \n\t\t\t  \tdata-href = \"https:\/\/www.elpolitologoyelpolitico.com.ar\/wordpress\/2023\/11\/17\/el-centro-municipal-de-adicciones-cuenta-con-un-nuevo-espacio-en-patagones\/\"\n\t\t\t  \tdata-numposts = \"10\"\n\t\t\t  \tdata-lazy = \"true\"\n\t\t\t\tdata-colorscheme = \"light\"\n\t\t\t\tdata-order-by = \"social\"\n\t\t\t\tdata-mobile=true>\n\t\t\t  <\/div><\/div>\n\t\t  <style>\n\t\t    .fb-background-color {\n\t\t\t\tbackground: #ffffff !important;\n\t\t\t}\n\t\t\t.fb_iframe_widget_fluid_desktop iframe {\n\t\t\t    width: 100% !important;\n\t\t\t}\n\t\t  <\/style>\n\t\t  ","protected":false},"excerpt":{"rendered":"<p>El Centro Municipal de Adicciones -CMA- cuenta con un espacio de primera escucha, gratuito y confidencial, abierto a toda persona que atraviesa por el consumo problem\u00e1tico de sustancias psicoactivas. Tambi\u00e9n est\u00e1 disponible para familiares o allegados que necesiten las herramientas para contener o convencer a alguien de iniciar un tratamiento de recuperaci\u00f3n. El espacio est\u00e1 [&hellip;]<\/p>\n","protected":false},"author":4,"featured_media":36256,"comment_status":"closed","ping_status":"closed","sticky":false,"template":"","format":"standard","meta":{"_joinchat":[],"footnotes":""},"categories":[4],"tags":[],"class_list":["post-36255","post","type-post","status-publish","format-standard","has-post-thumbnail","hentry","category-politicas-publicas"],"_links":{"self":[{"href":"https:\/\/www.elpolitologoyelpolitico.com.ar\/wordpress\/wp-json\/wp\/v2\/posts\/36255","targetHints":{"allow":["GET"]}}],"collection":[{"href":"https:\/\/www.elpolitologoyelpolitico.com.ar\/wordpress\/wp-json\/wp\/v2\/posts"}],"about":[{"href":"https:\/\/www.elpolitologoyelpolitico.com.ar\/wordpress\/wp-json\/wp\/v2\/types\/post"}],"author":[{"embeddable":true,"href":"https:\/\/www.elpolitologoyelpolitico.com.ar\/wordpress\/wp-json\/wp\/v2\/users\/4"}],"replies":[{"embeddable":true,"href":"https:\/\/www.elpolitologoyelpolitico.com.ar\/wordpress\/wp-json\/wp\/v2\/comments?post=36255"}],"version-history":[{"count":1,"href":"https:\/\/www.elpolitologoyelpolitico.com.ar\/wordpress\/wp-json\/wp\/v2\/posts\/36255\/revisions"}],"predecessor-version":[{"id":36257,"href":"https:\/\/www.elpolitologoyelpolitico.com.ar\/wordpress\/wp-json\/wp\/v2\/posts\/36255\/revisions\/36257"}],"wp:featuredmedia":[{"embeddable":true,"href":"https:\/\/www.elpolitologoyelpolitico.com.ar\/wordpress\/wp-json\/wp\/v2\/media\/36256"}],"wp:attachment":[{"href":"https:\/\/www.elpolitologoyelpolitico.com.ar\/wordpress\/wp-json\/wp\/v2\/media?parent=36255"}],"wp:term":[{"taxonomy":"category","embeddable":true,"href":"https:\/\/www.elpolitologoyelpolitico.com.ar\/wordpress\/wp-json\/wp\/v2\/categories?post=36255"},{"taxonomy":"post_tag","embeddable":true,"href":"https:\/\/www.elpolitologoyelpolitico.com.ar\/wordpress\/wp-json\/wp\/v2\/tags?post=36255"}],"curies":[{"name":"wp","href":"https:\/\/api.w.org\/{rel}","templated":true}]}}