{"id":36251,"date":"2023-11-17T22:27:14","date_gmt":"2023-11-18T01:27:14","guid":{"rendered":"https:\/\/www.elpolitologoyelpolitico.com.ar\/wordpress\/?p=36251"},"modified":"2023-11-17T22:27:16","modified_gmt":"2023-11-18T01:27:16","slug":"el-gobierno-de-rio-negro-presento-una-nueva-oferta-salarial-a-los-gremios-estatales","status":"publish","type":"post","link":"https:\/\/www.elpolitologoyelpolitico.com.ar\/wordpress\/2023\/11\/17\/el-gobierno-de-rio-negro-presento-una-nueva-oferta-salarial-a-los-gremios-estatales\/","title":{"rendered":"El Gobierno de R\u00edo Negro present\u00f3 una nueva oferta salarial a los gremios estatales"},"content":{"rendered":"\n<p>El Gobierno Provincial present\u00f3 a los gremios estatales una nueva propuesta de recomposici\u00f3n salarial para el mes de noviembre de 8,3%, dando continuidad a las pautas establecidas durante 2023.<\/p>\n\n\n\n<p>La oferta fue presentada a los gremios ATE y UPCN en la Mesa de la Funci\u00f3n P\u00fablica y al sindicato UNTER en la paritaria docente.<\/p>\n\n\n\n<p>Los representantes gubernamentales se comprometieron a iniciar a partir del 2024 con el proceso tendiente a reasignar los incrementos salariales por suma fija, aprobados para los meses de septiembre y octubre, en los conceptos normales y habituales de las grillas salariales.<\/p>\n\n\n\n<p>Adem\u00e1s, se hizo una breve exposici\u00f3n de la pol\u00edtica salarial aplicada durante el a\u00f1o, como as\u00ed tambi\u00e9n de los par\u00e1metros nacionales y su impacto en la provincia. Se analiz\u00f3 el comportamiento de los ingresos provinciales y la situaci\u00f3n macroecon\u00f3mica imperante.<\/p>\n\n\n\n<p>Los representantes gremiales manifestaron recibieron la propuesta de aumento salarial, que ser\u00e1 evaluada en sus respectivas instancias org\u00e1nicas.<\/p>\n\n\n\n<figure class=\"wp-block-image size-large\"><img fetchpriority=\"high\" decoding=\"async\" width=\"1024\" height=\"540\" src=\"https:\/\/www.elpolitologoyelpolitico.com.ar\/wp-content\/uploads\/2023\/11\/IMG-20231117-WA0063-1024x540.jpg\" alt=\"\" class=\"wp-image-36253\" srcset=\"https:\/\/www.elpolitologoyelpolitico.com.ar\/wp-content\/uploads\/2023\/11\/IMG-20231117-WA0063-1024x540.jpg 1024w, https:\/\/www.elpolitologoyelpolitico.com.ar\/wp-content\/uploads\/2023\/11\/IMG-20231117-WA0063-300x158.jpg 300w, https:\/\/www.elpolitologoyelpolitico.com.ar\/wp-content\/uploads\/2023\/11\/IMG-20231117-WA0063-768x405.jpg 768w, https:\/\/www.elpolitologoyelpolitico.com.ar\/wp-content\/uploads\/2023\/11\/IMG-20231117-WA0063.jpg 1280w\" sizes=\"(max-width: 1024px) 100vw, 1024px\" \/><\/figure>\n<div class=\"fb-background-color\">\n\t\t\t  <div \n\t\t\t  \tclass = \"fb-comments\" \n\t\t\t  \tdata-href = \"https:\/\/www.elpolitologoyelpolitico.com.ar\/wordpress\/2023\/11\/17\/el-gobierno-de-rio-negro-presento-una-nueva-oferta-salarial-a-los-gremios-estatales\/\"\n\t\t\t  \tdata-numposts = \"10\"\n\t\t\t  \tdata-lazy = \"true\"\n\t\t\t\tdata-colorscheme = \"light\"\n\t\t\t\tdata-order-by = \"social\"\n\t\t\t\tdata-mobile=true>\n\t\t\t  <\/div><\/div>\n\t\t  <style>\n\t\t    .fb-background-color {\n\t\t\t\tbackground: #ffffff !important;\n\t\t\t}\n\t\t\t.fb_iframe_widget_fluid_desktop iframe {\n\t\t\t    width: 100% !important;\n\t\t\t}\n\t\t  <\/style>\n\t\t  ","protected":false},"excerpt":{"rendered":"<p>El Gobierno Provincial present\u00f3 a los gremios estatales una nueva propuesta de recomposici\u00f3n salarial para el mes de noviembre de 8,3%, dando continuidad a las pautas establecidas durante 2023. La oferta fue presentada a los gremios ATE y UPCN en la Mesa de la Funci\u00f3n P\u00fablica y al sindicato UNTER en la paritaria docente. Los [&hellip;]<\/p>\n","protected":false},"author":4,"featured_media":36252,"comment_status":"closed","ping_status":"closed","sticky":false,"template":"","format":"standard","meta":{"_joinchat":[],"footnotes":""},"categories":[4],"tags":[],"class_list":["post-36251","post","type-post","status-publish","format-standard","has-post-thumbnail","hentry","category-politicas-publicas"],"_links":{"self":[{"href":"https:\/\/www.elpolitologoyelpolitico.com.ar\/wordpress\/wp-json\/wp\/v2\/posts\/36251","targetHints":{"allow":["GET"]}}],"collection":[{"href":"https:\/\/www.elpolitologoyelpolitico.com.ar\/wordpress\/wp-json\/wp\/v2\/posts"}],"about":[{"href":"https:\/\/www.elpolitologoyelpolitico.com.ar\/wordpress\/wp-json\/wp\/v2\/types\/post"}],"author":[{"embeddable":true,"href":"https:\/\/www.elpolitologoyelpolitico.com.ar\/wordpress\/wp-json\/wp\/v2\/users\/4"}],"replies":[{"embeddable":true,"href":"https:\/\/www.elpolitologoyelpolitico.com.ar\/wordpress\/wp-json\/wp\/v2\/comments?post=36251"}],"version-history":[{"count":1,"href":"https:\/\/www.elpolitologoyelpolitico.com.ar\/wordpress\/wp-json\/wp\/v2\/posts\/36251\/revisions"}],"predecessor-version":[{"id":36254,"href":"https:\/\/www.elpolitologoyelpolitico.com.ar\/wordpress\/wp-json\/wp\/v2\/posts\/36251\/revisions\/36254"}],"wp:featuredmedia":[{"embeddable":true,"href":"https:\/\/www.elpolitologoyelpolitico.com.ar\/wordpress\/wp-json\/wp\/v2\/media\/36252"}],"wp:attachment":[{"href":"https:\/\/www.elpolitologoyelpolitico.com.ar\/wordpress\/wp-json\/wp\/v2\/media?parent=36251"}],"wp:term":[{"taxonomy":"category","embeddable":true,"href":"https:\/\/www.elpolitologoyelpolitico.com.ar\/wordpress\/wp-json\/wp\/v2\/categories?post=36251"},{"taxonomy":"post_tag","embeddable":true,"href":"https:\/\/www.elpolitologoyelpolitico.com.ar\/wordpress\/wp-json\/wp\/v2\/tags?post=36251"}],"curies":[{"name":"wp","href":"https:\/\/api.w.org\/{rel}","templated":true}]}}