{"id":3624,"date":"2021-05-31T20:32:28","date_gmt":"2021-05-31T20:32:28","guid":{"rendered":"https:\/\/www.elpolitologoyelpolitico.com.ar\/wordpress\/?p=3624"},"modified":"2021-05-31T20:32:58","modified_gmt":"2021-05-31T20:32:58","slug":"zara-presento-el-proyecto-de-exenciones-para-los-comerciantes-del-distrito-afectados-por-la-pandemia","status":"publish","type":"post","link":"https:\/\/www.elpolitologoyelpolitico.com.ar\/wordpress\/2021\/05\/31\/zara-presento-el-proyecto-de-exenciones-para-los-comerciantes-del-distrito-afectados-por-la-pandemia\/","title":{"rendered":"Zara present\u00f3 el proyecto de exenciones para los comerciantes del Distrito afectados por la pandemia"},"content":{"rendered":"\t\t<div data-elementor-type=\"wp-post\" data-elementor-id=\"3624\" class=\"elementor elementor-3624\">\n\t\t\t\t\t\t<section class=\"elementor-section elementor-top-section elementor-element elementor-element-25aca5b9 elementor-section-boxed elementor-section-height-default elementor-section-height-default\" data-id=\"25aca5b9\" data-element_type=\"section\" data-e-type=\"section\">\n\t\t\t\t\t\t<div class=\"elementor-container elementor-column-gap-default\">\n\t\t\t\t\t<div class=\"elementor-column elementor-col-100 elementor-top-column elementor-element elementor-element-9958a2d\" data-id=\"9958a2d\" data-element_type=\"column\" data-e-type=\"column\">\n\t\t\t<div class=\"elementor-widget-wrap elementor-element-populated\">\n\t\t\t\t\t\t<div class=\"elementor-element elementor-element-136c2f7 elementor-widget elementor-widget-text-editor\" data-id=\"136c2f7\" data-element_type=\"widget\" data-e-type=\"widget\" data-widget_type=\"text-editor.default\">\n\t\t\t\t<div class=\"elementor-widget-container\">\n\t\t\t\t\t\t\t\t\t\n<div class=\"wp-block-image\"><figure class=\"alignleft size-large is-resized\"><img decoding=\"async\" src=\"https:\/\/www.elpolitologoyelpolitico.com.ar\/wp-content\/uploads\/2021\/05\/WhatsApp-Image-2021-05-31-at-16.53.49-2-473x1024.jpeg\" alt=\"\" class=\"wp-image-3627\" width=\"122\" height=\"264\" srcset=\"https:\/\/www.elpolitologoyelpolitico.com.ar\/wp-content\/uploads\/2021\/05\/WhatsApp-Image-2021-05-31-at-16.53.49-2-473x1024.jpeg 473w, https:\/\/www.elpolitologoyelpolitico.com.ar\/wp-content\/uploads\/2021\/05\/WhatsApp-Image-2021-05-31-at-16.53.49-2-138x300.jpeg 138w, https:\/\/www.elpolitologoyelpolitico.com.ar\/wp-content\/uploads\/2021\/05\/WhatsApp-Image-2021-05-31-at-16.53.49-2.jpeg 480w\" sizes=\"(max-width: 122px) 100vw, 122px\" \/><\/figure><\/div>\n\n\n\n<p>El Intendente Municipal, Ing. Jos\u00e9 Luis Zara, firm\u00f3 esta ma\u00f1ana el proyecto que contempla exenciones para el sector comercial del Distrito, que result\u00f3 afectado por las restricciones derivadas de la pandemia.<\/p>\n\n\n\n<p>El mismo fue encomendado por el jefe comunal a la Agencia de Recaudaci\u00f3n Municipal y contempla, entre otras cuestiones, la creaci\u00f3n de un plan de pagos especial para la regularizaci\u00f3n de deudas y un programa de sorteos de premios para los contribuyentes que al 15 de diciembre de 2021 hayan adherido a la oficina virtual del organismo municipal.<\/p>\n\n\n\n<p>Al respecto, la Directora Ejecutiva de la Agencia, Mariana Heredia, detall\u00f3 que \u201cel proyecto ser\u00e1 elevado al Concejo Deliberante y contiene una serie de medidas que tienen que ver con la exenci\u00f3n a todo el sector comercial que tuvo restricciones con motivo de la pandemia. Se intenta establecer una ayuda, al menos desde este lugar, para la exenci\u00f3n de las tasas por servicios urbanos, respecto del local comercial y de la tasa por inspecci\u00f3n de seguridad e higiene&nbsp; del sector comercial m\u00e1s afectado\u201d.&nbsp;<\/p>\n\n\n\n<p>De aprobarse \u2013 se\u00f1al\u00f3 Heredia- \u201ccomenzar\u00eda a tener vigencia respecto a los periodos junio a diciembre de 2021\u201d.<\/p>\n\n\n\n<p>\u201cTambi\u00e9n este proyecto prev\u00e9 la posibilidad de que los contribuyentes puedan regularizar sus deudas a trav\u00e9s de un r\u00e9gimen especial que establece varias cuotas y un inter\u00e9s de financiaci\u00f3n bastante bajo\u201d, agreg\u00f3.<\/p>\n\n\n\n<p>Por otra parte, la titular de la ARM indic\u00f3 que \u201ccomo parte de las medidas propuestas, se establece un sistema de premios -por sorteo-, para los contribuyentes que al 15 de diciembre de 2021 haya adherido a la oficina virtual de la Agencia de Recaudaci\u00f3n, a trav\u00e9s del sistema de pagos online y de boleta electr\u00f3nica\u201d.<\/p>\n\n\n\n<p>\u201cDe esta forma se trata de impulsar la digitalizaci\u00f3n de todo el sistema, fomentar el pago electr\u00f3nico de las boletas y los grav\u00e1menes;&nbsp; evitar la concurrencia masiva a la agencia, disminuir los costos que ocasiona la boleta en formato papel\u201d, explic\u00f3 Heredia.<\/p>\n\n\n\n<p>Finalmente, anticip\u00f3 que, una vez aprobado el proyecto, las exenciones entrar\u00e1n en vigencia una vez reglamentadas, y a solicitud del contribuyente.<\/p>\n\n\n\n<p>Los rubros propuestos para la exenci\u00f3n son: Bares, caf\u00e9 bar, cafeter\u00edas, restaurantes, confiter\u00edas bailables, gimnasios, agencias de turismo y agencias de publicidad, empresas tur\u00edsticas y de servicios tur\u00edsticos (alojamiento, restaurant, pesca deportiva, excursiones y actividades de esparcimiento), hospedaje, posadas, hoteles, fondas y casas de pensi\u00f3n, canchas de Paddle, Tenis y Squash, canchas de futbol, guarder\u00eda para ni\u00f1os y establecimientos educativos privados, hoteles de alojamiento transitorio, peluquer\u00edas y salones de belleza, transportes escolares, casas de fiesta o de eventos, venta de indumentaria en general, venta de art\u00edculos de deportes, camping, caza, n\u00e1uticos, bazar, boutique, venta de art\u00edculos de regalos y florer\u00edas, venta de juegos electr\u00f3nicos, librer\u00edas y jugueter\u00edas, mercer\u00edas, muebler\u00edas, perfumer\u00edas (con excepci\u00f3n de farmacias), relojer\u00edas y servicios de reparaci\u00f3n, venta de art\u00edculos electrodom\u00e9sticos, venta de automotores y dem\u00e1s rodados, zapater\u00edas (venta de calzados), locutorios, taller de bicicletas, taller de calzado, transporte de pasajeros urbanos e interurbanos y se prev\u00e9 tambi\u00e9n la exenci\u00f3n del pago de derecho por publicidad y propaganda del exterior del local &#8211; establecimiento comercial-, respecto de los locales que son alcanzados por la exenci\u00f3n.<\/p>\n\t\t\t\t\t\t\t\t<\/div>\n\t\t\t\t<\/div>\n\t\t\t\t\t<\/div>\n\t\t<\/div>\n\t\t\t\t\t<\/div>\n\t\t<\/section>\n\t\t\t\t<\/div>\n\t\t<div class=\"fb-background-color\">\n\t\t\t  <div \n\t\t\t  \tclass = \"fb-comments\" \n\t\t\t  \tdata-href = \"https:\/\/www.elpolitologoyelpolitico.com.ar\/wordpress\/2021\/05\/31\/zara-presento-el-proyecto-de-exenciones-para-los-comerciantes-del-distrito-afectados-por-la-pandemia\/\"\n\t\t\t  \tdata-numposts = \"10\"\n\t\t\t  \tdata-lazy = \"true\"\n\t\t\t\tdata-colorscheme = \"light\"\n\t\t\t\tdata-order-by = \"social\"\n\t\t\t\tdata-mobile=true>\n\t\t\t  <\/div><\/div>\n\t\t  <style>\n\t\t    .fb-background-color {\n\t\t\t\tbackground: #ffffff !important;\n\t\t\t}\n\t\t\t.fb_iframe_widget_fluid_desktop iframe {\n\t\t\t    width: 100% !important;\n\t\t\t}\n\t\t  <\/style>\n\t\t  ","protected":false},"excerpt":{"rendered":"<p>El Intendente Municipal, Ing. Jos\u00e9 Luis Zara, firm\u00f3 esta ma\u00f1ana el proyecto que contempla exenciones para el sector comercial del Distrito, que result\u00f3 afectado por las restricciones derivadas de la pandemia. El mismo fue encomendado por el jefe comunal a la Agencia de Recaudaci\u00f3n Municipal y contempla, entre otras cuestiones, la creaci\u00f3n de un plan [&hellip;]<\/p>\n","protected":false},"author":4,"featured_media":3628,"comment_status":"closed","ping_status":"closed","sticky":false,"template":"","format":"standard","meta":{"_joinchat":[],"footnotes":""},"categories":[4],"tags":[],"class_list":["post-3624","post","type-post","status-publish","format-standard","has-post-thumbnail","hentry","category-politicas-publicas"],"_links":{"self":[{"href":"https:\/\/www.elpolitologoyelpolitico.com.ar\/wordpress\/wp-json\/wp\/v2\/posts\/3624","targetHints":{"allow":["GET"]}}],"collection":[{"href":"https:\/\/www.elpolitologoyelpolitico.com.ar\/wordpress\/wp-json\/wp\/v2\/posts"}],"about":[{"href":"https:\/\/www.elpolitologoyelpolitico.com.ar\/wordpress\/wp-json\/wp\/v2\/types\/post"}],"author":[{"embeddable":true,"href":"https:\/\/www.elpolitologoyelpolitico.com.ar\/wordpress\/wp-json\/wp\/v2\/users\/4"}],"replies":[{"embeddable":true,"href":"https:\/\/www.elpolitologoyelpolitico.com.ar\/wordpress\/wp-json\/wp\/v2\/comments?post=3624"}],"version-history":[{"count":0,"href":"https:\/\/www.elpolitologoyelpolitico.com.ar\/wordpress\/wp-json\/wp\/v2\/posts\/3624\/revisions"}],"wp:featuredmedia":[{"embeddable":true,"href":"https:\/\/www.elpolitologoyelpolitico.com.ar\/wordpress\/wp-json\/wp\/v2\/media\/3628"}],"wp:attachment":[{"href":"https:\/\/www.elpolitologoyelpolitico.com.ar\/wordpress\/wp-json\/wp\/v2\/media?parent=3624"}],"wp:term":[{"taxonomy":"category","embeddable":true,"href":"https:\/\/www.elpolitologoyelpolitico.com.ar\/wordpress\/wp-json\/wp\/v2\/categories?post=3624"},{"taxonomy":"post_tag","embeddable":true,"href":"https:\/\/www.elpolitologoyelpolitico.com.ar\/wordpress\/wp-json\/wp\/v2\/tags?post=3624"}],"curies":[{"name":"wp","href":"https:\/\/api.w.org\/{rel}","templated":true}]}}