{"id":36226,"date":"2023-11-17T10:52:49","date_gmt":"2023-11-17T13:52:49","guid":{"rendered":"https:\/\/www.elpolitologoyelpolitico.com.ar\/wordpress\/?p=36226"},"modified":"2023-11-17T10:52:50","modified_gmt":"2023-11-17T13:52:50","slug":"zara-inauguro-una-sala-de-internacion-de-baja-complejidad-en-la-unidad-sanitaria-de-san-blas","status":"publish","type":"post","link":"https:\/\/www.elpolitologoyelpolitico.com.ar\/wordpress\/2023\/11\/17\/zara-inauguro-una-sala-de-internacion-de-baja-complejidad-en-la-unidad-sanitaria-de-san-blas\/","title":{"rendered":"Zara inaugur\u00f3 una sala de internaci\u00f3n de baja complejidad en la Unidad Sanitaria de San Blas"},"content":{"rendered":"\n<p>El Intendente Municipal, Ing. Jos\u00e9 Luis Zara, dej\u00f3 inaugurada ayer una sala de internaci\u00f3n de baja complejidad en la Unidad Sanitaria de Primeros Auxilios de Bah\u00eda San Blas.<\/p>\n\n\n\n<p>Lo acompa\u00f1aron, el Jefe de Gabinete, Fabio Bettinelli, el Secretario de Salud, Dr. Edgardo Jalabert, la Coordinadora de Programas Sanitarios, Lic. Mabel Guzm\u00e1n, el Delegado Municipal, Marcelo Molteni, la Directora de Ceremonial y Protocolo, Cyntia C\u00e1ceres, el concejal de Juntos, Ricardo Angos y el personal de salud que all\u00ed se desempe\u00f1a.<\/p>\n\n\n\n<p>Esta nueva sala fue totalmente equipada con fondos del Plan Sumar.<\/p>\n\n\n\n<p>Cabe recordar que al inicio de su gesti\u00f3n, el Intendente Zara puso en marcha la refuncionalizaci\u00f3n de la Unidad Sanitaria con el objetivo de optimizar y ampliar las prestaciones para vecinos y turistas. De esta forma, el espacio actualmente cuenta con un \u00e1rea de shockroom, \u00e1rea administrativa, consultorios de ginecolog\u00eda, pediatr\u00eda, consultorios cl\u00ednicos y vacunaci\u00f3n.<\/p>\n\n\n\n<p>Adem\u00e1s, la Unidad cuenta, por primera vez, con una ambulancia 4&#215;4.<\/p>\n\n\n\n<figure class=\"wp-block-image size-large\"><img fetchpriority=\"high\" decoding=\"async\" width=\"1024\" height=\"478\" src=\"https:\/\/www.elpolitologoyelpolitico.com.ar\/wp-content\/uploads\/2023\/11\/IMG-20231117-WA0007-1-1024x478.jpg\" alt=\"\" class=\"wp-image-36230\" srcset=\"https:\/\/www.elpolitologoyelpolitico.com.ar\/wp-content\/uploads\/2023\/11\/IMG-20231117-WA0007-1-1024x478.jpg 1024w, https:\/\/www.elpolitologoyelpolitico.com.ar\/wp-content\/uploads\/2023\/11\/IMG-20231117-WA0007-1-300x140.jpg 300w, https:\/\/www.elpolitologoyelpolitico.com.ar\/wp-content\/uploads\/2023\/11\/IMG-20231117-WA0007-1-768x358.jpg 768w, https:\/\/www.elpolitologoyelpolitico.com.ar\/wp-content\/uploads\/2023\/11\/IMG-20231117-WA0007-1.jpg 1280w\" sizes=\"(max-width: 1024px) 100vw, 1024px\" \/><\/figure>\n\n\n\n<figure class=\"wp-block-gallery has-nested-images columns-default is-cropped wp-block-gallery-1 is-layout-flex wp-block-gallery-is-layout-flex\">\n<figure class=\"wp-block-image size-large\"><img decoding=\"async\" width=\"478\" height=\"1024\" data-id=\"36228\" src=\"https:\/\/www.elpolitologoyelpolitico.com.ar\/wp-content\/uploads\/2023\/11\/IMG-20231117-WA0009-478x1024.jpg\" alt=\"\" class=\"wp-image-36228\" srcset=\"https:\/\/www.elpolitologoyelpolitico.com.ar\/wp-content\/uploads\/2023\/11\/IMG-20231117-WA0009-478x1024.jpg 478w, https:\/\/www.elpolitologoyelpolitico.com.ar\/wp-content\/uploads\/2023\/11\/IMG-20231117-WA0009-140x300.jpg 140w, https:\/\/www.elpolitologoyelpolitico.com.ar\/wp-content\/uploads\/2023\/11\/IMG-20231117-WA0009.jpg 597w\" sizes=\"(max-width: 478px) 100vw, 478px\" \/><\/figure>\n<\/figure>\n<div class=\"fb-background-color\">\n\t\t\t  <div \n\t\t\t  \tclass = \"fb-comments\" \n\t\t\t  \tdata-href = \"https:\/\/www.elpolitologoyelpolitico.com.ar\/wordpress\/2023\/11\/17\/zara-inauguro-una-sala-de-internacion-de-baja-complejidad-en-la-unidad-sanitaria-de-san-blas\/\"\n\t\t\t  \tdata-numposts = \"10\"\n\t\t\t  \tdata-lazy = \"true\"\n\t\t\t\tdata-colorscheme = \"light\"\n\t\t\t\tdata-order-by = \"social\"\n\t\t\t\tdata-mobile=true>\n\t\t\t  <\/div><\/div>\n\t\t  <style>\n\t\t    .fb-background-color {\n\t\t\t\tbackground: #ffffff !important;\n\t\t\t}\n\t\t\t.fb_iframe_widget_fluid_desktop iframe {\n\t\t\t    width: 100% !important;\n\t\t\t}\n\t\t  <\/style>\n\t\t  ","protected":false},"excerpt":{"rendered":"<p>El Intendente Municipal, Ing. Jos\u00e9 Luis Zara, dej\u00f3 inaugurada ayer una sala de internaci\u00f3n de baja complejidad en la Unidad Sanitaria de Primeros Auxilios de Bah\u00eda San Blas. Lo acompa\u00f1aron, el Jefe de Gabinete, Fabio Bettinelli, el Secretario de Salud, Dr. Edgardo Jalabert, la Coordinadora de Programas Sanitarios, Lic. Mabel Guzm\u00e1n, el Delegado Municipal, Marcelo [&hellip;]<\/p>\n","protected":false},"author":4,"featured_media":36227,"comment_status":"closed","ping_status":"closed","sticky":false,"template":"","format":"standard","meta":{"_joinchat":[],"footnotes":""},"categories":[4],"tags":[],"class_list":["post-36226","post","type-post","status-publish","format-standard","has-post-thumbnail","hentry","category-politicas-publicas"],"_links":{"self":[{"href":"https:\/\/www.elpolitologoyelpolitico.com.ar\/wordpress\/wp-json\/wp\/v2\/posts\/36226","targetHints":{"allow":["GET"]}}],"collection":[{"href":"https:\/\/www.elpolitologoyelpolitico.com.ar\/wordpress\/wp-json\/wp\/v2\/posts"}],"about":[{"href":"https:\/\/www.elpolitologoyelpolitico.com.ar\/wordpress\/wp-json\/wp\/v2\/types\/post"}],"author":[{"embeddable":true,"href":"https:\/\/www.elpolitologoyelpolitico.com.ar\/wordpress\/wp-json\/wp\/v2\/users\/4"}],"replies":[{"embeddable":true,"href":"https:\/\/www.elpolitologoyelpolitico.com.ar\/wordpress\/wp-json\/wp\/v2\/comments?post=36226"}],"version-history":[{"count":1,"href":"https:\/\/www.elpolitologoyelpolitico.com.ar\/wordpress\/wp-json\/wp\/v2\/posts\/36226\/revisions"}],"predecessor-version":[{"id":36231,"href":"https:\/\/www.elpolitologoyelpolitico.com.ar\/wordpress\/wp-json\/wp\/v2\/posts\/36226\/revisions\/36231"}],"wp:featuredmedia":[{"embeddable":true,"href":"https:\/\/www.elpolitologoyelpolitico.com.ar\/wordpress\/wp-json\/wp\/v2\/media\/36227"}],"wp:attachment":[{"href":"https:\/\/www.elpolitologoyelpolitico.com.ar\/wordpress\/wp-json\/wp\/v2\/media?parent=36226"}],"wp:term":[{"taxonomy":"category","embeddable":true,"href":"https:\/\/www.elpolitologoyelpolitico.com.ar\/wordpress\/wp-json\/wp\/v2\/categories?post=36226"},{"taxonomy":"post_tag","embeddable":true,"href":"https:\/\/www.elpolitologoyelpolitico.com.ar\/wordpress\/wp-json\/wp\/v2\/tags?post=36226"}],"curies":[{"name":"wp","href":"https:\/\/api.w.org\/{rel}","templated":true}]}}