{"id":36211,"date":"2023-11-16T21:50:37","date_gmt":"2023-11-17T00:50:37","guid":{"rendered":"https:\/\/www.elpolitologoyelpolitico.com.ar\/wordpress\/?p=36211"},"modified":"2023-11-16T21:50:38","modified_gmt":"2023-11-17T00:50:38","slug":"lorena-villaverde-en-argentina-llego-la-hora-de-despertar","status":"publish","type":"post","link":"https:\/\/www.elpolitologoyelpolitico.com.ar\/wordpress\/2023\/11\/16\/lorena-villaverde-en-argentina-llego-la-hora-de-despertar\/","title":{"rendered":"Lorena Villaverde: \u201cEn Argentina lleg\u00f3 la hora de despertar\u201d"},"content":{"rendered":"\n<p>Faltan pocas horas para que los argentinos definamos que Pa\u00eds queremos, estamos ante una oportunidad \u00fanica e hist\u00f3rica, la elecci\u00f3n m\u00e1s importante de los \u00faltimos 100 a\u00f1os.<\/p>\n\n\n\n<p>Tengo la firme esperanza que no vamos a dejar pasar el momento y que sabremos aprovechar esta \u00faltima oportunidad que nos brinda la democracia.<\/p>\n\n\n\n<p>Nos lleg\u00f3 el momento del cambio de ra\u00edz en el rumbo de argentina, de terminar con la soberbia, la manipulaci\u00f3n, la mentira, la baja moral, y tantas otras cosas que encarnan los actuales gobernantes que nos tienen sumidos en una Argentina devastada, con la gran mayor\u00eda de sus habitantes agotados y desmoralizados.<\/p>\n\n\n\n<p>Lleg\u00f3 la hora de despertar argentinos, de salir de esta trampa en la que nos han metido, para volver a so\u00f1ar en grande, a tener esperanzas, ilusiones, alegr\u00eda y pol\u00edticos honestos y comprometidos.<\/p>\n\n\n\n<p>Conf\u00edo en que Dios nos acompa\u00f1e este domingo para animarnos a dar este gran paso, y votar por la familia, por la vida y por la libertad<\/p>\n\n\n\n<p>Javier Milei hoy representa los valores judeocristianos, en contra de la corrupci\u00f3n, el hambre, la ofensa, la subestimaci\u00f3n y contrapone la responsabilidad, la honestidad, la sinceridad y la confianza, y nosotros, la gran mayor\u00eda de los rionegrinos, apoyamos todos esos valores y principios b\u00edblicos.<\/p>\n\n\n\n<p>Los invito a pensar con justo juicio a la hora de votar el domingo.<\/p>\n\n\n\n<p>Hay que animarse a terminar con estos pol\u00edticos, cuya pat\u00e9tica foto apreciamos hace unas horas en Cipolletti, todos juntos los mismos que nos dicen que nos pueden salvar de la decadencia y abandono a la que nos sometieron, solo les interesan las elecciones y poder seguir ocup\u00e1ndose s\u00f3lo de ellos. Ah\u00ed se los ve con exagerada obsecuencia olvid\u00e1ndose del federalismo, la dignidad y el bienestar de la gente.<\/p>\n\n\n\n<p>Buscan devorarse al pueblo argentino bajo el dominio y la esclavitud de todos nosotros.<\/p>\n\n\n\n<p>Mis hijos Ian y Omara, nuestros hijos y las nuevas generaciones necesitan irremediablemente que le comencemos a construir un mundo mejor, con valores, amor, respeto, inter\u00e9s por el pr\u00f3jimo, honestidad y responsabilidad.<\/p>\n\n\n\n<p>Es posible que no tengamos experiencia pol\u00edtica, ni aparato, ni recursos econ\u00f3micos, pero tenemos ganas, ilusi\u00f3n, valores y dignidad.<\/p>\n\n\n\n<p>Les pido a todos los rionegrinos que no se dejen enga\u00f1ar de nuevo, que el verdadero cambio est\u00e1 en sus manos y que el momento oportuno ha llegado.<\/p>\n<div class=\"fb-background-color\">\n\t\t\t  <div \n\t\t\t  \tclass = \"fb-comments\" \n\t\t\t  \tdata-href = \"https:\/\/www.elpolitologoyelpolitico.com.ar\/wordpress\/2023\/11\/16\/lorena-villaverde-en-argentina-llego-la-hora-de-despertar\/\"\n\t\t\t  \tdata-numposts = \"10\"\n\t\t\t  \tdata-lazy = \"true\"\n\t\t\t\tdata-colorscheme = \"light\"\n\t\t\t\tdata-order-by = \"social\"\n\t\t\t\tdata-mobile=true>\n\t\t\t  <\/div><\/div>\n\t\t  <style>\n\t\t    .fb-background-color {\n\t\t\t\tbackground: #ffffff !important;\n\t\t\t}\n\t\t\t.fb_iframe_widget_fluid_desktop iframe {\n\t\t\t    width: 100% !important;\n\t\t\t}\n\t\t  <\/style>\n\t\t  ","protected":false},"excerpt":{"rendered":"<p>Faltan pocas horas para que los argentinos definamos que Pa\u00eds queremos, estamos ante una oportunidad \u00fanica e hist\u00f3rica, la elecci\u00f3n m\u00e1s importante de los \u00faltimos 100 a\u00f1os. Tengo la firme esperanza que no vamos a dejar pasar el momento y que sabremos aprovechar esta \u00faltima oportunidad que nos brinda la democracia. Nos lleg\u00f3 el momento [&hellip;]<\/p>\n","protected":false},"author":4,"featured_media":36212,"comment_status":"closed","ping_status":"closed","sticky":false,"template":"","format":"standard","meta":{"_joinchat":[],"footnotes":""},"categories":[38],"tags":[],"class_list":["post-36211","post","type-post","status-publish","format-standard","has-post-thumbnail","hentry","category-elecciones"],"_links":{"self":[{"href":"https:\/\/www.elpolitologoyelpolitico.com.ar\/wordpress\/wp-json\/wp\/v2\/posts\/36211","targetHints":{"allow":["GET"]}}],"collection":[{"href":"https:\/\/www.elpolitologoyelpolitico.com.ar\/wordpress\/wp-json\/wp\/v2\/posts"}],"about":[{"href":"https:\/\/www.elpolitologoyelpolitico.com.ar\/wordpress\/wp-json\/wp\/v2\/types\/post"}],"author":[{"embeddable":true,"href":"https:\/\/www.elpolitologoyelpolitico.com.ar\/wordpress\/wp-json\/wp\/v2\/users\/4"}],"replies":[{"embeddable":true,"href":"https:\/\/www.elpolitologoyelpolitico.com.ar\/wordpress\/wp-json\/wp\/v2\/comments?post=36211"}],"version-history":[{"count":1,"href":"https:\/\/www.elpolitologoyelpolitico.com.ar\/wordpress\/wp-json\/wp\/v2\/posts\/36211\/revisions"}],"predecessor-version":[{"id":36213,"href":"https:\/\/www.elpolitologoyelpolitico.com.ar\/wordpress\/wp-json\/wp\/v2\/posts\/36211\/revisions\/36213"}],"wp:featuredmedia":[{"embeddable":true,"href":"https:\/\/www.elpolitologoyelpolitico.com.ar\/wordpress\/wp-json\/wp\/v2\/media\/36212"}],"wp:attachment":[{"href":"https:\/\/www.elpolitologoyelpolitico.com.ar\/wordpress\/wp-json\/wp\/v2\/media?parent=36211"}],"wp:term":[{"taxonomy":"category","embeddable":true,"href":"https:\/\/www.elpolitologoyelpolitico.com.ar\/wordpress\/wp-json\/wp\/v2\/categories?post=36211"},{"taxonomy":"post_tag","embeddable":true,"href":"https:\/\/www.elpolitologoyelpolitico.com.ar\/wordpress\/wp-json\/wp\/v2\/tags?post=36211"}],"curies":[{"name":"wp","href":"https:\/\/api.w.org\/{rel}","templated":true}]}}